
{"id":301,"date":"2024-05-31T13:51:00","date_gmt":"2024-05-31T17:51:00","guid":{"rendered":"https:\/\/cssdn.gouv.qc.ca\/saintdominique\/2024\/05\/31\/le-festi-cubes-a-saint-dominique\/"},"modified":"2024-05-31T13:51:00","modified_gmt":"2024-05-31T17:51:00","slug":"le-festi-cubes-a-saint-dominique","status":"publish","type":"post","link":"https:\/\/cssdn.gouv.qc.ca\/saintdominique\/2024\/05\/31\/le-festi-cubes-a-saint-dominique\/","title":{"rendered":"Le Festi-Cubes \u00e0 Saint-Dominique"},"content":{"rendered":"\n\n<div class=\"wp-block-post-date\"><time datetime=\"2024-05-31T13:51:00-04:00\">31 mai 2024<\/time><\/div>\n\n\n<p class=\"wp-block-paragraph\">Le Festi-Cubes a cl\u00f4tur\u00e9 avec \u00e9clat le mois de l&rsquo;activit\u00e9 physique hier \u00e0 l&rsquo;\u00c9cole Saint-Dominique. Cet \u00e9v\u00e9nement sportif visait \u00e0 saluer les efforts remarquables des \u00e9l\u00e8ves dans le cadre du d\u00e9fi des Cubes \u00c9nergie o\u00f9 les \u00e9l\u00e8ves et leurs familles ont cumul\u00e9 plus de 82 000 Cubes \u00c9nergie! Wow! \ud83e\udd29<\/p>\n\n\n\n<p class=\"wp-block-paragraph\">Organis\u00e9 par le comit\u00e9 sant\u00e9, le Festi-Cubes est parvenu \u00e0 mettre en avant plan le plaisir de bouger! La cour d\u2019\u00e9cole d\u00e9bordait d\u2019ambiance alors qu\u2019on y proposait une belle vari\u00e9t\u00e9 d&rsquo;activit\u00e9s sportives, au grand plaisir des jeunes et des moins jeunes. \u2600\ufe0f<\/p>\n\n\n\n<p class=\"wp-block-paragraph\">Les \u00e9l\u00e8ves \u00e9taient anim\u00e9s par un enthousiasme d\u00e9bordant et ont pleinement profit\u00e9 de l&rsquo;occasion pour bouger et s&rsquo;amuser entre amis. Le tout s\u2019est v\u00e9cu sous une temp\u00e9rature id\u00e9ale et dans une atmosph\u00e8re des plus festive. Ils ont m\u00eame pu savourer une d\u00e9licieuse collation glac\u00e9e! \ud83c\udf66\ud83d\ude0b<\/p>\n\n\n\n<p class=\"wp-block-paragraph\">F\u00e9licitations \u00e0 tous pour votre enthousiasme contagieux ! Quelle \u00e9nergie ! \ud83d\ude03<\/p>\n\n\n\n<p class=\"wp-block-paragraph\">Le comit\u00e9 sant\u00e9<\/p>\n\n\n\n\n<div class=\"align act-mosaic-gallery\" id=\"testimonial-block_f6063870daa6db6963ee57b5ecf94472\">\n            \n    <div class=\"act-popup-mosaic-slider\" id=\"act-popup-mosaic-slider_69f541c9ac0c1\">\n        <div class=\"act-popup-mosaic-slider__wrapper\">\n            <button class=\"act-popup-mosaic-slider__btn-close\">\n                <svg version=\"1.1\" xmlns=\"http:\/\/www.w3.org\/2000\/svg\" width=\"32\" height=\"32\" viewBox=\"0 0 32 32\">\n                    <title>Fermer<\/title>\n                    <path d=\"M25.312 8.563l-7.437 7.437 7.437 7.437-1.875 1.875-7.437-7.437-7.437 7.437-1.875-1.875 7.437-7.437-7.437-7.437 1.875-1.875 7.437 7.437 7.437-7.437z\"><\/path>\n                <\/svg>\n            <\/button>\n            <div class=\"act-popup-mosaic-slider__content\">\n                <section class=\"act-galerie-slider\">\n                    <ul id=\"act-galerie-slider_69f541c9ac2f2\">\n                                                                                            <\/ul>\n                <\/section>\n            <\/div>\n        <\/div>\n    <\/div>\n<\/div>\n","protected":false},"excerpt":{"rendered":"<p>Organis\u00e9 par le comit\u00e9 sant\u00e9, le Festi-Cubes est parvenu \u00e0 mettre en avant plan le plaisir de bouger! La cour d\u2019\u00e9cole d\u00e9bordait d\u2019ambiance alors qu\u2019on y proposait une belle vari\u00e9t\u00e9 d&rsquo;activit\u00e9s sportives, au grand plaisir des jeunes et des moins jeunes. <\/p>\n","protected":false},"author":173,"featured_media":302,"comment_status":"closed","ping_status":"closed","sticky":false,"template":"","format":"standard","meta":{"_acf_changed":false,"_crdt_document":"","inline_featured_image":false,"footnotes":""},"categories":[25],"tags":[],"class_list":["post-301","post","type-post","status-publish","format-standard","has-post-thumbnail","hentry","category-uncategorized"],"acf":[],"yoast_head":"<!-- This site is optimized with the Yoast SEO plugin v27.5 - https:\/\/yoast.com\/product\/yoast-seo-wordpress\/ -->\n<title>Le Festi-Cubes \u00e0 Saint-Dominique - \u00c9cole Saint-Dominique<\/title>\n<meta name=\"robots\" content=\"index, follow, max-snippet:-1, max-image-preview:large, max-video-preview:-1\" \/>\n<link rel=\"canonical\" href=\"https:\/\/cssdn.gouv.qc.ca\/saintdominique\/2024\/05\/31\/le-festi-cubes-a-saint-dominique\/\" \/>\n<meta property=\"og:locale\" content=\"fr_CA\" \/>\n<meta property=\"og:type\" content=\"article\" \/>\n<meta property=\"og:title\" content=\"Le Festi-Cubes \u00e0 Saint-Dominique - \u00c9cole Saint-Dominique\" \/>\n<meta property=\"og:description\" content=\"Organis\u00e9 par le comit\u00e9 sant\u00e9, le Festi-Cubes est parvenu \u00e0 mettre en avant plan le plaisir de bouger! La cour d\u2019\u00e9cole d\u00e9bordait d\u2019ambiance alors qu\u2019on y proposait une belle vari\u00e9t\u00e9 d&#039;activit\u00e9s sportives, au grand plaisir des jeunes et des moins jeunes.\" \/>\n<meta property=\"og:url\" content=\"https:\/\/cssdn.gouv.qc.ca\/saintdominique\/2024\/05\/31\/le-festi-cubes-a-saint-dominique\/\" \/>\n<meta property=\"og:site_name\" content=\"\u00c9cole Saint-Dominique\" \/>\n<meta property=\"article:publisher\" content=\"https:\/\/www.facebook.com\/csdn.qc.ca\" \/>\n<meta property=\"article:published_time\" content=\"2024-05-31T17:51:00+00:00\" \/>\n<meta name=\"author\" content=\"fortinm60@cssdn.gouv.qc.ca\" \/>\n<meta name=\"twitter:card\" content=\"summary_large_image\" \/>\n<meta name=\"twitter:label1\" content=\"\u00c9crit par\" \/>\n\t<meta name=\"twitter:data1\" content=\"fortinm60@cssdn.gouv.qc.ca\" \/>\n\t<meta name=\"twitter:label2\" content=\"Estimation du temps de lecture\" \/>\n\t<meta name=\"twitter:data2\" content=\"1 minute\" \/>\n<script type=\"application\/ld+json\" class=\"yoast-schema-graph\">{\"@context\":\"https:\\\/\\\/schema.org\",\"@graph\":[{\"@type\":\"Article\",\"@id\":\"https:\\\/\\\/cssdn.gouv.qc.ca\\\/saintdominique\\\/2024\\\/05\\\/31\\\/le-festi-cubes-a-saint-dominique\\\/#article\",\"isPartOf\":{\"@id\":\"https:\\\/\\\/cssdn.gouv.qc.ca\\\/saintdominique\\\/2024\\\/05\\\/31\\\/le-festi-cubes-a-saint-dominique\\\/\"},\"author\":{\"name\":\"fortinm60@cssdn.gouv.qc.ca\",\"@id\":\"https:\\\/\\\/cssdn.gouv.qc.ca\\\/saintdominique\\\/#\\\/schema\\\/person\\\/c33219a6c041a825a50ee8ca8c59df50\"},\"headline\":\"Le Festi-Cubes \u00e0 Saint-Dominique\",\"datePublished\":\"2024-05-31T17:51:00+00:00\",\"mainEntityOfPage\":{\"@id\":\"https:\\\/\\\/cssdn.gouv.qc.ca\\\/saintdominique\\\/2024\\\/05\\\/31\\\/le-festi-cubes-a-saint-dominique\\\/\"},\"wordCount\":171,\"publisher\":{\"@id\":\"https:\\\/\\\/cssdn.gouv.qc.ca\\\/saintdominique\\\/#organization\"},\"image\":{\"@id\":\"https:\\\/\\\/cssdn.gouv.qc.ca\\\/saintdominique\\\/2024\\\/05\\\/31\\\/le-festi-cubes-a-saint-dominique\\\/#primaryimage\"},\"thumbnailUrl\":\"https:\\\/\\\/cssdn.gouv.qc.ca\\\/saintdominique\\\/wp-content\\\/uploads\\\/sites\\\/56\\\/2024\\\/05\\\/446788862_900965761832347_3691382714066584394_n.jpg\",\"articleSection\":[\"Uncategorized\"],\"inLanguage\":\"fr-CA\"},{\"@type\":\"WebPage\",\"@id\":\"https:\\\/\\\/cssdn.gouv.qc.ca\\\/saintdominique\\\/2024\\\/05\\\/31\\\/le-festi-cubes-a-saint-dominique\\\/\",\"url\":\"https:\\\/\\\/cssdn.gouv.qc.ca\\\/saintdominique\\\/2024\\\/05\\\/31\\\/le-festi-cubes-a-saint-dominique\\\/\",\"name\":\"Le Festi-Cubes \u00e0 Saint-Dominique - \u00c9cole Saint-Dominique\",\"isPartOf\":{\"@id\":\"https:\\\/\\\/cssdn.gouv.qc.ca\\\/saintdominique\\\/#website\"},\"primaryImageOfPage\":{\"@id\":\"https:\\\/\\\/cssdn.gouv.qc.ca\\\/saintdominique\\\/2024\\\/05\\\/31\\\/le-festi-cubes-a-saint-dominique\\\/#primaryimage\"},\"image\":{\"@id\":\"https:\\\/\\\/cssdn.gouv.qc.ca\\\/saintdominique\\\/2024\\\/05\\\/31\\\/le-festi-cubes-a-saint-dominique\\\/#primaryimage\"},\"thumbnailUrl\":\"https:\\\/\\\/cssdn.gouv.qc.ca\\\/saintdominique\\\/wp-content\\\/uploads\\\/sites\\\/56\\\/2024\\\/05\\\/446788862_900965761832347_3691382714066584394_n.jpg\",\"datePublished\":\"2024-05-31T17:51:00+00:00\",\"breadcrumb\":{\"@id\":\"https:\\\/\\\/cssdn.gouv.qc.ca\\\/saintdominique\\\/2024\\\/05\\\/31\\\/le-festi-cubes-a-saint-dominique\\\/#breadcrumb\"},\"inLanguage\":\"fr-CA\",\"potentialAction\":[{\"@type\":\"ReadAction\",\"target\":[\"https:\\\/\\\/cssdn.gouv.qc.ca\\\/saintdominique\\\/2024\\\/05\\\/31\\\/le-festi-cubes-a-saint-dominique\\\/\"]}]},{\"@type\":\"ImageObject\",\"inLanguage\":\"fr-CA\",\"@id\":\"https:\\\/\\\/cssdn.gouv.qc.ca\\\/saintdominique\\\/2024\\\/05\\\/31\\\/le-festi-cubes-a-saint-dominique\\\/#primaryimage\",\"url\":\"https:\\\/\\\/cssdn.gouv.qc.ca\\\/saintdominique\\\/wp-content\\\/uploads\\\/sites\\\/56\\\/2024\\\/05\\\/446788862_900965761832347_3691382714066584394_n.jpg\",\"contentUrl\":\"https:\\\/\\\/cssdn.gouv.qc.ca\\\/saintdominique\\\/wp-content\\\/uploads\\\/sites\\\/56\\\/2024\\\/05\\\/446788862_900965761832347_3691382714066584394_n.jpg\",\"width\":1536,\"height\":2048},{\"@type\":\"BreadcrumbList\",\"@id\":\"https:\\\/\\\/cssdn.gouv.qc.ca\\\/saintdominique\\\/2024\\\/05\\\/31\\\/le-festi-cubes-a-saint-dominique\\\/#breadcrumb\",\"itemListElement\":[{\"@type\":\"ListItem\",\"position\":1,\"name\":\"Accueil\",\"item\":\"https:\\\/\\\/cssdn.gouv.qc.ca\\\/saintdominique\\\/\"},{\"@type\":\"ListItem\",\"position\":2,\"name\":\"Le Festi-Cubes \u00e0 Saint-Dominique\"}]},{\"@type\":\"WebSite\",\"@id\":\"https:\\\/\\\/cssdn.gouv.qc.ca\\\/saintdominique\\\/#website\",\"url\":\"https:\\\/\\\/cssdn.gouv.qc.ca\\\/saintdominique\\\/\",\"name\":\"\u00c9cole Saint-Dominique\",\"description\":\"Un site des centres de services scolaires des Navigateurs\",\"publisher\":{\"@id\":\"https:\\\/\\\/cssdn.gouv.qc.ca\\\/saintdominique\\\/#organization\"},\"potentialAction\":[{\"@type\":\"SearchAction\",\"target\":{\"@type\":\"EntryPoint\",\"urlTemplate\":\"https:\\\/\\\/cssdn.gouv.qc.ca\\\/saintdominique\\\/?s={search_term_string}\"},\"query-input\":{\"@type\":\"PropertyValueSpecification\",\"valueRequired\":true,\"valueName\":\"search_term_string\"}}],\"inLanguage\":\"fr-CA\"},{\"@type\":\"Organization\",\"@id\":\"https:\\\/\\\/cssdn.gouv.qc.ca\\\/saintdominique\\\/#organization\",\"name\":\"\u00c9cole Saint-Dominique\",\"url\":\"https:\\\/\\\/cssdn.gouv.qc.ca\\\/saintdominique\\\/\",\"logo\":{\"@type\":\"ImageObject\",\"inLanguage\":\"fr-CA\",\"@id\":\"https:\\\/\\\/cssdn.gouv.qc.ca\\\/saintdominique\\\/#\\\/schema\\\/logo\\\/image\\\/\",\"url\":\"https:\\\/\\\/cssdn.gouv.qc.ca\\\/saintdominique\\\/wp-content\\\/uploads\\\/sites\\\/56\\\/2023\\\/01\\\/logo_quebec.svg\",\"contentUrl\":\"https:\\\/\\\/cssdn.gouv.qc.ca\\\/saintdominique\\\/wp-content\\\/uploads\\\/sites\\\/56\\\/2023\\\/01\\\/logo_quebec.svg\",\"width\":188,\"height\":41,\"caption\":\"\u00c9cole Saint-Dominique\"},\"image\":{\"@id\":\"https:\\\/\\\/cssdn.gouv.qc.ca\\\/saintdominique\\\/#\\\/schema\\\/logo\\\/image\\\/\"},\"sameAs\":[\"https:\\\/\\\/www.facebook.com\\\/csdn.qc.ca\"]},{\"@type\":\"Person\",\"@id\":\"https:\\\/\\\/cssdn.gouv.qc.ca\\\/saintdominique\\\/#\\\/schema\\\/person\\\/c33219a6c041a825a50ee8ca8c59df50\",\"name\":\"fortinm60@cssdn.gouv.qc.ca\",\"image\":{\"@type\":\"ImageObject\",\"inLanguage\":\"fr-CA\",\"@id\":\"https:\\\/\\\/cssdn.gouv.qc.ca\\\/saintdominique\\\/wp-content\\\/wphb-cache\\\/gravatar\\\/2d6\\\/2d6f6effeb5d333ee07a9fb7a982f633x96.jpg\",\"url\":\"https:\\\/\\\/cssdn.gouv.qc.ca\\\/saintdominique\\\/wp-content\\\/wphb-cache\\\/gravatar\\\/2d6\\\/2d6f6effeb5d333ee07a9fb7a982f633x96.jpg\",\"contentUrl\":\"https:\\\/\\\/cssdn.gouv.qc.ca\\\/saintdominique\\\/wp-content\\\/wphb-cache\\\/gravatar\\\/2d6\\\/2d6f6effeb5d333ee07a9fb7a982f633x96.jpg\",\"caption\":\"fortinm60@cssdn.gouv.qc.ca\"}}]}<\/script>\n<!-- \/ Yoast SEO plugin. -->","yoast_head_json":{"title":"Le Festi-Cubes \u00e0 Saint-Dominique - \u00c9cole Saint-Dominique","robots":{"index":"index","follow":"follow","max-snippet":"max-snippet:-1","max-image-preview":"max-image-preview:large","max-video-preview":"max-video-preview:-1"},"canonical":"https:\/\/cssdn.gouv.qc.ca\/saintdominique\/2024\/05\/31\/le-festi-cubes-a-saint-dominique\/","og_locale":"fr_CA","og_type":"article","og_title":"Le Festi-Cubes \u00e0 Saint-Dominique - \u00c9cole Saint-Dominique","og_description":"Organis\u00e9 par le comit\u00e9 sant\u00e9, le Festi-Cubes est parvenu \u00e0 mettre en avant plan le plaisir de bouger! La cour d\u2019\u00e9cole d\u00e9bordait d\u2019ambiance alors qu\u2019on y proposait une belle vari\u00e9t\u00e9 d'activit\u00e9s sportives, au grand plaisir des jeunes et des moins jeunes.","og_url":"https:\/\/cssdn.gouv.qc.ca\/saintdominique\/2024\/05\/31\/le-festi-cubes-a-saint-dominique\/","og_site_name":"\u00c9cole Saint-Dominique","article_publisher":"https:\/\/www.facebook.com\/csdn.qc.ca","article_published_time":"2024-05-31T17:51:00+00:00","author":"fortinm60@cssdn.gouv.qc.ca","twitter_card":"summary_large_image","twitter_misc":{"\u00c9crit par":"fortinm60@cssdn.gouv.qc.ca","Estimation du temps de lecture":"1 minute"},"schema":{"@context":"https:\/\/schema.org","@graph":[{"@type":"Article","@id":"https:\/\/cssdn.gouv.qc.ca\/saintdominique\/2024\/05\/31\/le-festi-cubes-a-saint-dominique\/#article","isPartOf":{"@id":"https:\/\/cssdn.gouv.qc.ca\/saintdominique\/2024\/05\/31\/le-festi-cubes-a-saint-dominique\/"},"author":{"name":"fortinm60@cssdn.gouv.qc.ca","@id":"https:\/\/cssdn.gouv.qc.ca\/saintdominique\/#\/schema\/person\/c33219a6c041a825a50ee8ca8c59df50"},"headline":"Le Festi-Cubes \u00e0 Saint-Dominique","datePublished":"2024-05-31T17:51:00+00:00","mainEntityOfPage":{"@id":"https:\/\/cssdn.gouv.qc.ca\/saintdominique\/2024\/05\/31\/le-festi-cubes-a-saint-dominique\/"},"wordCount":171,"publisher":{"@id":"https:\/\/cssdn.gouv.qc.ca\/saintdominique\/#organization"},"image":{"@id":"https:\/\/cssdn.gouv.qc.ca\/saintdominique\/2024\/05\/31\/le-festi-cubes-a-saint-dominique\/#primaryimage"},"thumbnailUrl":"https:\/\/cssdn.gouv.qc.ca\/saintdominique\/wp-content\/uploads\/sites\/56\/2024\/05\/446788862_900965761832347_3691382714066584394_n.jpg","articleSection":["Uncategorized"],"inLanguage":"fr-CA"},{"@type":"WebPage","@id":"https:\/\/cssdn.gouv.qc.ca\/saintdominique\/2024\/05\/31\/le-festi-cubes-a-saint-dominique\/","url":"https:\/\/cssdn.gouv.qc.ca\/saintdominique\/2024\/05\/31\/le-festi-cubes-a-saint-dominique\/","name":"Le Festi-Cubes \u00e0 Saint-Dominique - \u00c9cole Saint-Dominique","isPartOf":{"@id":"https:\/\/cssdn.gouv.qc.ca\/saintdominique\/#website"},"primaryImageOfPage":{"@id":"https:\/\/cssdn.gouv.qc.ca\/saintdominique\/2024\/05\/31\/le-festi-cubes-a-saint-dominique\/#primaryimage"},"image":{"@id":"https:\/\/cssdn.gouv.qc.ca\/saintdominique\/2024\/05\/31\/le-festi-cubes-a-saint-dominique\/#primaryimage"},"thumbnailUrl":"https:\/\/cssdn.gouv.qc.ca\/saintdominique\/wp-content\/uploads\/sites\/56\/2024\/05\/446788862_900965761832347_3691382714066584394_n.jpg","datePublished":"2024-05-31T17:51:00+00:00","breadcrumb":{"@id":"https:\/\/cssdn.gouv.qc.ca\/saintdominique\/2024\/05\/31\/le-festi-cubes-a-saint-dominique\/#breadcrumb"},"inLanguage":"fr-CA","potentialAction":[{"@type":"ReadAction","target":["https:\/\/cssdn.gouv.qc.ca\/saintdominique\/2024\/05\/31\/le-festi-cubes-a-saint-dominique\/"]}]},{"@type":"ImageObject","inLanguage":"fr-CA","@id":"https:\/\/cssdn.gouv.qc.ca\/saintdominique\/2024\/05\/31\/le-festi-cubes-a-saint-dominique\/#primaryimage","url":"https:\/\/cssdn.gouv.qc.ca\/saintdominique\/wp-content\/uploads\/sites\/56\/2024\/05\/446788862_900965761832347_3691382714066584394_n.jpg","contentUrl":"https:\/\/cssdn.gouv.qc.ca\/saintdominique\/wp-content\/uploads\/sites\/56\/2024\/05\/446788862_900965761832347_3691382714066584394_n.jpg","width":1536,"height":2048},{"@type":"BreadcrumbList","@id":"https:\/\/cssdn.gouv.qc.ca\/saintdominique\/2024\/05\/31\/le-festi-cubes-a-saint-dominique\/#breadcrumb","itemListElement":[{"@type":"ListItem","position":1,"name":"Accueil","item":"https:\/\/cssdn.gouv.qc.ca\/saintdominique\/"},{"@type":"ListItem","position":2,"name":"Le Festi-Cubes \u00e0 Saint-Dominique"}]},{"@type":"WebSite","@id":"https:\/\/cssdn.gouv.qc.ca\/saintdominique\/#website","url":"https:\/\/cssdn.gouv.qc.ca\/saintdominique\/","name":"\u00c9cole Saint-Dominique","description":"Un site des centres de services scolaires des Navigateurs","publisher":{"@id":"https:\/\/cssdn.gouv.qc.ca\/saintdominique\/#organization"},"potentialAction":[{"@type":"SearchAction","target":{"@type":"EntryPoint","urlTemplate":"https:\/\/cssdn.gouv.qc.ca\/saintdominique\/?s={search_term_string}"},"query-input":{"@type":"PropertyValueSpecification","valueRequired":true,"valueName":"search_term_string"}}],"inLanguage":"fr-CA"},{"@type":"Organization","@id":"https:\/\/cssdn.gouv.qc.ca\/saintdominique\/#organization","name":"\u00c9cole Saint-Dominique","url":"https:\/\/cssdn.gouv.qc.ca\/saintdominique\/","logo":{"@type":"ImageObject","inLanguage":"fr-CA","@id":"https:\/\/cssdn.gouv.qc.ca\/saintdominique\/#\/schema\/logo\/image\/","url":"https:\/\/cssdn.gouv.qc.ca\/saintdominique\/wp-content\/uploads\/sites\/56\/2023\/01\/logo_quebec.svg","contentUrl":"https:\/\/cssdn.gouv.qc.ca\/saintdominique\/wp-content\/uploads\/sites\/56\/2023\/01\/logo_quebec.svg","width":188,"height":41,"caption":"\u00c9cole Saint-Dominique"},"image":{"@id":"https:\/\/cssdn.gouv.qc.ca\/saintdominique\/#\/schema\/logo\/image\/"},"sameAs":["https:\/\/www.facebook.com\/csdn.qc.ca"]},{"@type":"Person","@id":"https:\/\/cssdn.gouv.qc.ca\/saintdominique\/#\/schema\/person\/c33219a6c041a825a50ee8ca8c59df50","name":"fortinm60@cssdn.gouv.qc.ca","image":{"@type":"ImageObject","inLanguage":"fr-CA","@id":"https:\/\/cssdn.gouv.qc.ca\/saintdominique\/wp-content\/wphb-cache\/gravatar\/2d6\/2d6f6effeb5d333ee07a9fb7a982f633x96.jpg","url":"https:\/\/cssdn.gouv.qc.ca\/saintdominique\/wp-content\/wphb-cache\/gravatar\/2d6\/2d6f6effeb5d333ee07a9fb7a982f633x96.jpg","contentUrl":"https:\/\/cssdn.gouv.qc.ca\/saintdominique\/wp-content\/wphb-cache\/gravatar\/2d6\/2d6f6effeb5d333ee07a9fb7a982f633x96.jpg","caption":"fortinm60@cssdn.gouv.qc.ca"}}]}},"publishpress_future_action":{"enabled":false,"date":"2026-05-08 20:14:01","action":"change-status","newStatus":"draft","terms":[],"taxonomy":"category","extraData":[]},"publishpress_future_workflow_manual_trigger":{"enabledWorkflows":[]},"_links":{"self":[{"href":"https:\/\/cssdn.gouv.qc.ca\/saintdominique\/wp-json\/wp\/v2\/posts\/301","targetHints":{"allow":["GET"]}}],"collection":[{"href":"https:\/\/cssdn.gouv.qc.ca\/saintdominique\/wp-json\/wp\/v2\/posts"}],"about":[{"href":"https:\/\/cssdn.gouv.qc.ca\/saintdominique\/wp-json\/wp\/v2\/types\/post"}],"author":[{"embeddable":true,"href":"https:\/\/cssdn.gouv.qc.ca\/saintdominique\/wp-json\/wp\/v2\/users\/173"}],"replies":[{"embeddable":true,"href":"https:\/\/cssdn.gouv.qc.ca\/saintdominique\/wp-json\/wp\/v2\/comments?post=301"}],"version-history":[{"count":0,"href":"https:\/\/cssdn.gouv.qc.ca\/saintdominique\/wp-json\/wp\/v2\/posts\/301\/revisions"}],"wp:featuredmedia":[{"embeddable":true,"href":"https:\/\/cssdn.gouv.qc.ca\/saintdominique\/wp-json\/wp\/v2\/media\/302"}],"wp:attachment":[{"href":"https:\/\/cssdn.gouv.qc.ca\/saintdominique\/wp-json\/wp\/v2\/media?parent=301"}],"wp:term":[{"taxonomy":"category","embeddable":true,"href":"https:\/\/cssdn.gouv.qc.ca\/saintdominique\/wp-json\/wp\/v2\/categories?post=301"},{"taxonomy":"post_tag","embeddable":true,"href":"https:\/\/cssdn.gouv.qc.ca\/saintdominique\/wp-json\/wp\/v2\/tags?post=301"}],"curies":[{"name":"wp","href":"https:\/\/api.w.org\/{rel}","templated":true}]}}