
{"id":561,"date":"2025-05-26T09:22:06","date_gmt":"2025-05-26T13:22:06","guid":{"rendered":"https:\/\/cssdn.gouv.qc.ca\/saintdominique\/2025\/05\/26\/%f0%9f%93%a2-decouvrez-nos-emplois-en-vedette-dans-la-semaine-du-26-mai-2025\/"},"modified":"2025-05-26T09:22:06","modified_gmt":"2025-05-26T13:22:06","slug":"%f0%9f%93%a2-decouvrez-nos-emplois-en-vedette-dans-la-semaine-du-26-mai-2025","status":"publish","type":"post","link":"https:\/\/cssdn.gouv.qc.ca\/saintdominique\/2025\/05\/26\/%f0%9f%93%a2-decouvrez-nos-emplois-en-vedette-dans-la-semaine-du-26-mai-2025\/","title":{"rendered":"\ud83d\udce2 D\u00e9couvrez nos emplois en vedette dans la semaine du 26 mai 2025!"},"content":{"rendered":"\n\n<div class=\"wp-block-post-date\"><time datetime=\"2025-05-26T09:22:06-04:00\">26 mai 2025<\/time><\/div>\n\n\n<p class=\"wp-block-paragraph\">Serez-vous une future Navigatrice ou un futur Navigateur?<\/p>\n\n\n\n<figure class=\"wp-block-image size-full\"><img decoding=\"async\" data-src=\"https:\/\/cssdn.gouv.qc.ca\/wp-content\/uploads\/2025\/05\/Cap-sur-vos-possibilites-general-Publications-FB-25.png\" alt=\"\" class=\"wp-image-16889 lazyload\" src=\"data:image\/svg+xml;base64,PHN2ZyB3aWR0aD0iMSIgaGVpZ2h0PSIxIiB4bWxucz0iaHR0cDovL3d3dy53My5vcmcvMjAwMC9zdmciPjwvc3ZnPg==\" \/><\/figure>\n\n\n\n<p class=\"wp-block-paragraph\"><\/p>\n\n\n\n<p class=\"wp-block-paragraph\">\u2192 Enseignante ou enseignant au DEP Matelotage du<a href=\"http:\/\/taformation.ca\/cfmvl\"> Centre de formation en m\u00e9canique de v\u00e9hicules lourds<\/a><\/p>\n\n\n\n<div class=\"wp-block-buttons\">\n<div class=\"wp-block-button\"><a class=\"wp-block-button__link wp-element-button\" href=\"https:\/\/cssdn.gouv.qc.ca\/offres-demploi\/enseignante-ou-enseignant-au-dep-matelotage-e-2526-4\/?fbclid=IwZXh0bgNhZW0CMTAAYnJpZBExbTRDTjcxWjVYcm5PVjV5OAEeMMjpdLuNRcrJj6-L-FLh-o3ZlUyjxs-LLO8D5JaO3G7BmToWFYUyQMciRqI_aem_K1VRZwrhgTZ38fIAtVnTMg\">Je postule!<\/a><\/div>\n<\/div>\n\n\n\n<p class=\"wp-block-paragraph\">\u2192 Enseignante ou enseignant \u00e0 l&rsquo;\u00e9cole Saint-Dominique <\/p>\n\n\n\n<div class=\"wp-block-buttons\">\n<div class=\"wp-block-button\"><a class=\"wp-block-button__link wp-element-button\" href=\"https:\/\/cssdn.gouv.qc.ca\/offres-demploi\/enseignante-ou-enseignant-primaire-e-2425-141\/?fbclid=IwZXh0bgNhZW0CMTAAYnJpZBExbTRDTjcxWjVYcm5PVjV5OAEe-Obe4YgZWEFKrUrM6woM11hacRV2TmZ5zAkxGZcIZ2a24yRb5yY9K9k_GYM_aem_zrgMEdhZ8TNw8qYHQWUO9w\">Je postule!<\/a><\/div>\n<\/div>\n\n\n\n<p class=\"wp-block-paragraph\">\u2192 Technicienne ou technicien en \u00e9ducation sp\u00e9cialis\u00e9e &#8211; Plusieurs affectations<\/p>\n\n\n\n<div class=\"wp-block-buttons\">\n<div class=\"wp-block-button\"><a class=\"wp-block-button__link wp-element-button\" href=\"https:\/\/cssdn.gouv.qc.ca\/offres-demploi\/technicienne-ou-technicien-en-education-specialisee-plusieurs-affectations-s-2425-88-2\/?fbclid=IwZXh0bgNhZW0CMTAAYnJpZBExbTRDTjcxWjVYcm5PVjV5OAEeFVMjuqkTTynrEXEgZyDMnl7x2TU6B98JF8H4WzVymz9-dE5169gCfVXu3N0_aem_VridnImciM4PUKeV40ZsGQ\">Je postule!<\/a><\/div>\n<\/div>\n\n\n\n<p class=\"wp-block-paragraph\"><\/p>\n\n\n\n<p class=\"wp-block-paragraph\">Voyez grand pour votre carri\u00e8re! \u26f5\ufe0f<\/p>\n\n\n\n<div class=\"is-content-justification-center wp-block-buttons\">\n<div class=\"wp-block-button\"><a class=\"wp-block-button__link has-small-font-size has-text-align-center has-custom-font-size wp-element-button\" href=\"http:\/\/capsurvospossibilites.ca\">Voir toutes nos offres<\/a><\/div>\n<\/div>\n","protected":false},"excerpt":{"rendered":"<p>Cette semaine, nous cherchons une ou un technicien(ne) en \u00e9ducation sp\u00e9cialis\u00e9e, une enseignante ou un enseignant au primaire, une enseignante ou un enseignant au DEP Matelotage et quelques autres personnes pour joindre notre flotte!<\/p>\n","protected":false},"author":173,"featured_media":562,"comment_status":"closed","ping_status":"closed","sticky":false,"template":"","format":"standard","meta":{"_acf_changed":false,"_crdt_document":"","inline_featured_image":false,"footnotes":""},"categories":[25],"tags":[],"class_list":["post-561","post","type-post","status-publish","format-standard","has-post-thumbnail","hentry","category-uncategorized"],"acf":[],"yoast_head":"<!-- This site is optimized with the Yoast SEO plugin v27.5 - https:\/\/yoast.com\/product\/yoast-seo-wordpress\/ -->\n<title>\ud83d\udce2 D\u00e9couvrez nos emplois en vedette dans la semaine du 26 mai 2025! - \u00c9cole Saint-Dominique<\/title>\n<meta name=\"robots\" content=\"index, follow, max-snippet:-1, max-image-preview:large, max-video-preview:-1\" \/>\n<link rel=\"canonical\" href=\"https:\/\/cssdn.gouv.qc.ca\/saintdominique\/2025\/05\/26\/\ud83d\udce2-decouvrez-nos-emplois-en-vedette-dans-la-semaine-du-26-mai-2025\/\" \/>\n<meta property=\"og:locale\" content=\"fr_CA\" \/>\n<meta property=\"og:type\" content=\"article\" \/>\n<meta property=\"og:title\" content=\"\ud83d\udce2 D\u00e9couvrez nos emplois en vedette dans la semaine du 26 mai 2025! - \u00c9cole Saint-Dominique\" \/>\n<meta property=\"og:description\" content=\"Cette semaine, nous cherchons une ou un technicien(ne) en \u00e9ducation sp\u00e9cialis\u00e9e, une enseignante ou un enseignant au primaire, une enseignante ou un enseignant au DEP Matelotage et quelques autres personnes pour joindre notre flotte!\" \/>\n<meta property=\"og:url\" content=\"https:\/\/cssdn.gouv.qc.ca\/saintdominique\/2025\/05\/26\/\ud83d\udce2-decouvrez-nos-emplois-en-vedette-dans-la-semaine-du-26-mai-2025\/\" \/>\n<meta property=\"og:site_name\" content=\"\u00c9cole Saint-Dominique\" \/>\n<meta property=\"article:publisher\" content=\"https:\/\/www.facebook.com\/csdn.qc.ca\" \/>\n<meta property=\"article:published_time\" content=\"2025-05-26T13:22:06+00:00\" \/>\n<meta property=\"og:image\" content=\"https:\/\/cssdn.gouv.qc.ca\/saintdominique\/wp-content\/uploads\/sites\/56\/2025\/05\/Cap-sur-vos-possibilites-general-Publications-FB-25.png\" \/>\n\t<meta property=\"og:image:width\" content=\"940\" \/>\n\t<meta property=\"og:image:height\" content=\"788\" \/>\n\t<meta property=\"og:image:type\" content=\"image\/png\" \/>\n<meta name=\"author\" content=\"fortinm60@cssdn.gouv.qc.ca\" \/>\n<meta name=\"twitter:card\" content=\"summary_large_image\" \/>\n<meta name=\"twitter:label1\" content=\"\u00c9crit par\" \/>\n\t<meta name=\"twitter:data1\" content=\"fortinm60@cssdn.gouv.qc.ca\" \/>\n<script type=\"application\/ld+json\" class=\"yoast-schema-graph\">{\"@context\":\"https:\\\/\\\/schema.org\",\"@graph\":[{\"@type\":\"Article\",\"@id\":\"https:\\\/\\\/cssdn.gouv.qc.ca\\\/saintdominique\\\/2025\\\/05\\\/26\\\/%f0%9f%93%a2-decouvrez-nos-emplois-en-vedette-dans-la-semaine-du-26-mai-2025\\\/#article\",\"isPartOf\":{\"@id\":\"https:\\\/\\\/cssdn.gouv.qc.ca\\\/saintdominique\\\/2025\\\/05\\\/26\\\/%f0%9f%93%a2-decouvrez-nos-emplois-en-vedette-dans-la-semaine-du-26-mai-2025\\\/\"},\"author\":{\"name\":\"fortinm60@cssdn.gouv.qc.ca\",\"@id\":\"https:\\\/\\\/cssdn.gouv.qc.ca\\\/saintdominique\\\/#\\\/schema\\\/person\\\/c33219a6c041a825a50ee8ca8c59df50\"},\"headline\":\"\ud83d\udce2 D\u00e9couvrez nos emplois en vedette dans la semaine du 26 mai 2025!\",\"datePublished\":\"2025-05-26T13:22:06+00:00\",\"mainEntityOfPage\":{\"@id\":\"https:\\\/\\\/cssdn.gouv.qc.ca\\\/saintdominique\\\/2025\\\/05\\\/26\\\/%f0%9f%93%a2-decouvrez-nos-emplois-en-vedette-dans-la-semaine-du-26-mai-2025\\\/\"},\"wordCount\":69,\"publisher\":{\"@id\":\"https:\\\/\\\/cssdn.gouv.qc.ca\\\/saintdominique\\\/#organization\"},\"image\":{\"@id\":\"https:\\\/\\\/cssdn.gouv.qc.ca\\\/saintdominique\\\/2025\\\/05\\\/26\\\/%f0%9f%93%a2-decouvrez-nos-emplois-en-vedette-dans-la-semaine-du-26-mai-2025\\\/#primaryimage\"},\"thumbnailUrl\":\"https:\\\/\\\/cssdn.gouv.qc.ca\\\/saintdominique\\\/wp-content\\\/uploads\\\/sites\\\/56\\\/2025\\\/05\\\/Cap-sur-vos-possibilites-general-Publications-FB-25.png\",\"articleSection\":[\"Uncategorized\"],\"inLanguage\":\"fr-CA\"},{\"@type\":\"WebPage\",\"@id\":\"https:\\\/\\\/cssdn.gouv.qc.ca\\\/saintdominique\\\/2025\\\/05\\\/26\\\/%f0%9f%93%a2-decouvrez-nos-emplois-en-vedette-dans-la-semaine-du-26-mai-2025\\\/\",\"url\":\"https:\\\/\\\/cssdn.gouv.qc.ca\\\/saintdominique\\\/2025\\\/05\\\/26\\\/%f0%9f%93%a2-decouvrez-nos-emplois-en-vedette-dans-la-semaine-du-26-mai-2025\\\/\",\"name\":\"\ud83d\udce2 D\u00e9couvrez nos emplois en vedette dans la semaine du 26 mai 2025! - \u00c9cole Saint-Dominique\",\"isPartOf\":{\"@id\":\"https:\\\/\\\/cssdn.gouv.qc.ca\\\/saintdominique\\\/#website\"},\"primaryImageOfPage\":{\"@id\":\"https:\\\/\\\/cssdn.gouv.qc.ca\\\/saintdominique\\\/2025\\\/05\\\/26\\\/%f0%9f%93%a2-decouvrez-nos-emplois-en-vedette-dans-la-semaine-du-26-mai-2025\\\/#primaryimage\"},\"image\":{\"@id\":\"https:\\\/\\\/cssdn.gouv.qc.ca\\\/saintdominique\\\/2025\\\/05\\\/26\\\/%f0%9f%93%a2-decouvrez-nos-emplois-en-vedette-dans-la-semaine-du-26-mai-2025\\\/#primaryimage\"},\"thumbnailUrl\":\"https:\\\/\\\/cssdn.gouv.qc.ca\\\/saintdominique\\\/wp-content\\\/uploads\\\/sites\\\/56\\\/2025\\\/05\\\/Cap-sur-vos-possibilites-general-Publications-FB-25.png\",\"datePublished\":\"2025-05-26T13:22:06+00:00\",\"breadcrumb\":{\"@id\":\"https:\\\/\\\/cssdn.gouv.qc.ca\\\/saintdominique\\\/2025\\\/05\\\/26\\\/%f0%9f%93%a2-decouvrez-nos-emplois-en-vedette-dans-la-semaine-du-26-mai-2025\\\/#breadcrumb\"},\"inLanguage\":\"fr-CA\",\"potentialAction\":[{\"@type\":\"ReadAction\",\"target\":[\"https:\\\/\\\/cssdn.gouv.qc.ca\\\/saintdominique\\\/2025\\\/05\\\/26\\\/%f0%9f%93%a2-decouvrez-nos-emplois-en-vedette-dans-la-semaine-du-26-mai-2025\\\/\"]}]},{\"@type\":\"ImageObject\",\"inLanguage\":\"fr-CA\",\"@id\":\"https:\\\/\\\/cssdn.gouv.qc.ca\\\/saintdominique\\\/2025\\\/05\\\/26\\\/%f0%9f%93%a2-decouvrez-nos-emplois-en-vedette-dans-la-semaine-du-26-mai-2025\\\/#primaryimage\",\"url\":\"https:\\\/\\\/cssdn.gouv.qc.ca\\\/saintdominique\\\/wp-content\\\/uploads\\\/sites\\\/56\\\/2025\\\/05\\\/Cap-sur-vos-possibilites-general-Publications-FB-25.png\",\"contentUrl\":\"https:\\\/\\\/cssdn.gouv.qc.ca\\\/saintdominique\\\/wp-content\\\/uploads\\\/sites\\\/56\\\/2025\\\/05\\\/Cap-sur-vos-possibilites-general-Publications-FB-25.png\",\"width\":940,\"height\":788},{\"@type\":\"BreadcrumbList\",\"@id\":\"https:\\\/\\\/cssdn.gouv.qc.ca\\\/saintdominique\\\/2025\\\/05\\\/26\\\/%f0%9f%93%a2-decouvrez-nos-emplois-en-vedette-dans-la-semaine-du-26-mai-2025\\\/#breadcrumb\",\"itemListElement\":[{\"@type\":\"ListItem\",\"position\":1,\"name\":\"Accueil\",\"item\":\"https:\\\/\\\/cssdn.gouv.qc.ca\\\/saintdominique\\\/\"},{\"@type\":\"ListItem\",\"position\":2,\"name\":\"\ud83d\udce2 D\u00e9couvrez nos emplois en vedette dans la semaine du 26 mai 2025!\"}]},{\"@type\":\"WebSite\",\"@id\":\"https:\\\/\\\/cssdn.gouv.qc.ca\\\/saintdominique\\\/#website\",\"url\":\"https:\\\/\\\/cssdn.gouv.qc.ca\\\/saintdominique\\\/\",\"name\":\"\u00c9cole Saint-Dominique\",\"description\":\"Un site des centres de services scolaires des Navigateurs\",\"publisher\":{\"@id\":\"https:\\\/\\\/cssdn.gouv.qc.ca\\\/saintdominique\\\/#organization\"},\"potentialAction\":[{\"@type\":\"SearchAction\",\"target\":{\"@type\":\"EntryPoint\",\"urlTemplate\":\"https:\\\/\\\/cssdn.gouv.qc.ca\\\/saintdominique\\\/?s={search_term_string}\"},\"query-input\":{\"@type\":\"PropertyValueSpecification\",\"valueRequired\":true,\"valueName\":\"search_term_string\"}}],\"inLanguage\":\"fr-CA\"},{\"@type\":\"Organization\",\"@id\":\"https:\\\/\\\/cssdn.gouv.qc.ca\\\/saintdominique\\\/#organization\",\"name\":\"\u00c9cole Saint-Dominique\",\"url\":\"https:\\\/\\\/cssdn.gouv.qc.ca\\\/saintdominique\\\/\",\"logo\":{\"@type\":\"ImageObject\",\"inLanguage\":\"fr-CA\",\"@id\":\"https:\\\/\\\/cssdn.gouv.qc.ca\\\/saintdominique\\\/#\\\/schema\\\/logo\\\/image\\\/\",\"url\":\"https:\\\/\\\/cssdn.gouv.qc.ca\\\/saintdominique\\\/wp-content\\\/uploads\\\/sites\\\/56\\\/2023\\\/01\\\/logo_quebec.svg\",\"contentUrl\":\"https:\\\/\\\/cssdn.gouv.qc.ca\\\/saintdominique\\\/wp-content\\\/uploads\\\/sites\\\/56\\\/2023\\\/01\\\/logo_quebec.svg\",\"width\":188,\"height\":41,\"caption\":\"\u00c9cole Saint-Dominique\"},\"image\":{\"@id\":\"https:\\\/\\\/cssdn.gouv.qc.ca\\\/saintdominique\\\/#\\\/schema\\\/logo\\\/image\\\/\"},\"sameAs\":[\"https:\\\/\\\/www.facebook.com\\\/csdn.qc.ca\"]},{\"@type\":\"Person\",\"@id\":\"https:\\\/\\\/cssdn.gouv.qc.ca\\\/saintdominique\\\/#\\\/schema\\\/person\\\/c33219a6c041a825a50ee8ca8c59df50\",\"name\":\"fortinm60@cssdn.gouv.qc.ca\",\"image\":{\"@type\":\"ImageObject\",\"inLanguage\":\"fr-CA\",\"@id\":\"https:\\\/\\\/cssdn.gouv.qc.ca\\\/saintdominique\\\/wp-content\\\/wphb-cache\\\/gravatar\\\/2d6\\\/2d6f6effeb5d333ee07a9fb7a982f633x96.jpg\",\"url\":\"https:\\\/\\\/cssdn.gouv.qc.ca\\\/saintdominique\\\/wp-content\\\/wphb-cache\\\/gravatar\\\/2d6\\\/2d6f6effeb5d333ee07a9fb7a982f633x96.jpg\",\"contentUrl\":\"https:\\\/\\\/cssdn.gouv.qc.ca\\\/saintdominique\\\/wp-content\\\/wphb-cache\\\/gravatar\\\/2d6\\\/2d6f6effeb5d333ee07a9fb7a982f633x96.jpg\",\"caption\":\"fortinm60@cssdn.gouv.qc.ca\"}}]}<\/script>\n<!-- \/ Yoast SEO plugin. -->","yoast_head_json":{"title":"\ud83d\udce2 D\u00e9couvrez nos emplois en vedette dans la semaine du 26 mai 2025! - \u00c9cole Saint-Dominique","robots":{"index":"index","follow":"follow","max-snippet":"max-snippet:-1","max-image-preview":"max-image-preview:large","max-video-preview":"max-video-preview:-1"},"canonical":"https:\/\/cssdn.gouv.qc.ca\/saintdominique\/2025\/05\/26\/\ud83d\udce2-decouvrez-nos-emplois-en-vedette-dans-la-semaine-du-26-mai-2025\/","og_locale":"fr_CA","og_type":"article","og_title":"\ud83d\udce2 D\u00e9couvrez nos emplois en vedette dans la semaine du 26 mai 2025! - \u00c9cole Saint-Dominique","og_description":"Cette semaine, nous cherchons une ou un technicien(ne) en \u00e9ducation sp\u00e9cialis\u00e9e, une enseignante ou un enseignant au primaire, une enseignante ou un enseignant au DEP Matelotage et quelques autres personnes pour joindre notre flotte!","og_url":"https:\/\/cssdn.gouv.qc.ca\/saintdominique\/2025\/05\/26\/\ud83d\udce2-decouvrez-nos-emplois-en-vedette-dans-la-semaine-du-26-mai-2025\/","og_site_name":"\u00c9cole Saint-Dominique","article_publisher":"https:\/\/www.facebook.com\/csdn.qc.ca","article_published_time":"2025-05-26T13:22:06+00:00","og_image":[{"width":940,"height":788,"url":"https:\/\/cssdn.gouv.qc.ca\/saintdominique\/wp-content\/uploads\/sites\/56\/2025\/05\/Cap-sur-vos-possibilites-general-Publications-FB-25.png","type":"image\/png"}],"author":"fortinm60@cssdn.gouv.qc.ca","twitter_card":"summary_large_image","twitter_misc":{"\u00c9crit par":"fortinm60@cssdn.gouv.qc.ca"},"schema":{"@context":"https:\/\/schema.org","@graph":[{"@type":"Article","@id":"https:\/\/cssdn.gouv.qc.ca\/saintdominique\/2025\/05\/26\/%f0%9f%93%a2-decouvrez-nos-emplois-en-vedette-dans-la-semaine-du-26-mai-2025\/#article","isPartOf":{"@id":"https:\/\/cssdn.gouv.qc.ca\/saintdominique\/2025\/05\/26\/%f0%9f%93%a2-decouvrez-nos-emplois-en-vedette-dans-la-semaine-du-26-mai-2025\/"},"author":{"name":"fortinm60@cssdn.gouv.qc.ca","@id":"https:\/\/cssdn.gouv.qc.ca\/saintdominique\/#\/schema\/person\/c33219a6c041a825a50ee8ca8c59df50"},"headline":"\ud83d\udce2 D\u00e9couvrez nos emplois en vedette dans la semaine du 26 mai 2025!","datePublished":"2025-05-26T13:22:06+00:00","mainEntityOfPage":{"@id":"https:\/\/cssdn.gouv.qc.ca\/saintdominique\/2025\/05\/26\/%f0%9f%93%a2-decouvrez-nos-emplois-en-vedette-dans-la-semaine-du-26-mai-2025\/"},"wordCount":69,"publisher":{"@id":"https:\/\/cssdn.gouv.qc.ca\/saintdominique\/#organization"},"image":{"@id":"https:\/\/cssdn.gouv.qc.ca\/saintdominique\/2025\/05\/26\/%f0%9f%93%a2-decouvrez-nos-emplois-en-vedette-dans-la-semaine-du-26-mai-2025\/#primaryimage"},"thumbnailUrl":"https:\/\/cssdn.gouv.qc.ca\/saintdominique\/wp-content\/uploads\/sites\/56\/2025\/05\/Cap-sur-vos-possibilites-general-Publications-FB-25.png","articleSection":["Uncategorized"],"inLanguage":"fr-CA"},{"@type":"WebPage","@id":"https:\/\/cssdn.gouv.qc.ca\/saintdominique\/2025\/05\/26\/%f0%9f%93%a2-decouvrez-nos-emplois-en-vedette-dans-la-semaine-du-26-mai-2025\/","url":"https:\/\/cssdn.gouv.qc.ca\/saintdominique\/2025\/05\/26\/%f0%9f%93%a2-decouvrez-nos-emplois-en-vedette-dans-la-semaine-du-26-mai-2025\/","name":"\ud83d\udce2 D\u00e9couvrez nos emplois en vedette dans la semaine du 26 mai 2025! - \u00c9cole Saint-Dominique","isPartOf":{"@id":"https:\/\/cssdn.gouv.qc.ca\/saintdominique\/#website"},"primaryImageOfPage":{"@id":"https:\/\/cssdn.gouv.qc.ca\/saintdominique\/2025\/05\/26\/%f0%9f%93%a2-decouvrez-nos-emplois-en-vedette-dans-la-semaine-du-26-mai-2025\/#primaryimage"},"image":{"@id":"https:\/\/cssdn.gouv.qc.ca\/saintdominique\/2025\/05\/26\/%f0%9f%93%a2-decouvrez-nos-emplois-en-vedette-dans-la-semaine-du-26-mai-2025\/#primaryimage"},"thumbnailUrl":"https:\/\/cssdn.gouv.qc.ca\/saintdominique\/wp-content\/uploads\/sites\/56\/2025\/05\/Cap-sur-vos-possibilites-general-Publications-FB-25.png","datePublished":"2025-05-26T13:22:06+00:00","breadcrumb":{"@id":"https:\/\/cssdn.gouv.qc.ca\/saintdominique\/2025\/05\/26\/%f0%9f%93%a2-decouvrez-nos-emplois-en-vedette-dans-la-semaine-du-26-mai-2025\/#breadcrumb"},"inLanguage":"fr-CA","potentialAction":[{"@type":"ReadAction","target":["https:\/\/cssdn.gouv.qc.ca\/saintdominique\/2025\/05\/26\/%f0%9f%93%a2-decouvrez-nos-emplois-en-vedette-dans-la-semaine-du-26-mai-2025\/"]}]},{"@type":"ImageObject","inLanguage":"fr-CA","@id":"https:\/\/cssdn.gouv.qc.ca\/saintdominique\/2025\/05\/26\/%f0%9f%93%a2-decouvrez-nos-emplois-en-vedette-dans-la-semaine-du-26-mai-2025\/#primaryimage","url":"https:\/\/cssdn.gouv.qc.ca\/saintdominique\/wp-content\/uploads\/sites\/56\/2025\/05\/Cap-sur-vos-possibilites-general-Publications-FB-25.png","contentUrl":"https:\/\/cssdn.gouv.qc.ca\/saintdominique\/wp-content\/uploads\/sites\/56\/2025\/05\/Cap-sur-vos-possibilites-general-Publications-FB-25.png","width":940,"height":788},{"@type":"BreadcrumbList","@id":"https:\/\/cssdn.gouv.qc.ca\/saintdominique\/2025\/05\/26\/%f0%9f%93%a2-decouvrez-nos-emplois-en-vedette-dans-la-semaine-du-26-mai-2025\/#breadcrumb","itemListElement":[{"@type":"ListItem","position":1,"name":"Accueil","item":"https:\/\/cssdn.gouv.qc.ca\/saintdominique\/"},{"@type":"ListItem","position":2,"name":"\ud83d\udce2 D\u00e9couvrez nos emplois en vedette dans la semaine du 26 mai 2025!"}]},{"@type":"WebSite","@id":"https:\/\/cssdn.gouv.qc.ca\/saintdominique\/#website","url":"https:\/\/cssdn.gouv.qc.ca\/saintdominique\/","name":"\u00c9cole Saint-Dominique","description":"Un site des centres de services scolaires des Navigateurs","publisher":{"@id":"https:\/\/cssdn.gouv.qc.ca\/saintdominique\/#organization"},"potentialAction":[{"@type":"SearchAction","target":{"@type":"EntryPoint","urlTemplate":"https:\/\/cssdn.gouv.qc.ca\/saintdominique\/?s={search_term_string}"},"query-input":{"@type":"PropertyValueSpecification","valueRequired":true,"valueName":"search_term_string"}}],"inLanguage":"fr-CA"},{"@type":"Organization","@id":"https:\/\/cssdn.gouv.qc.ca\/saintdominique\/#organization","name":"\u00c9cole Saint-Dominique","url":"https:\/\/cssdn.gouv.qc.ca\/saintdominique\/","logo":{"@type":"ImageObject","inLanguage":"fr-CA","@id":"https:\/\/cssdn.gouv.qc.ca\/saintdominique\/#\/schema\/logo\/image\/","url":"https:\/\/cssdn.gouv.qc.ca\/saintdominique\/wp-content\/uploads\/sites\/56\/2023\/01\/logo_quebec.svg","contentUrl":"https:\/\/cssdn.gouv.qc.ca\/saintdominique\/wp-content\/uploads\/sites\/56\/2023\/01\/logo_quebec.svg","width":188,"height":41,"caption":"\u00c9cole Saint-Dominique"},"image":{"@id":"https:\/\/cssdn.gouv.qc.ca\/saintdominique\/#\/schema\/logo\/image\/"},"sameAs":["https:\/\/www.facebook.com\/csdn.qc.ca"]},{"@type":"Person","@id":"https:\/\/cssdn.gouv.qc.ca\/saintdominique\/#\/schema\/person\/c33219a6c041a825a50ee8ca8c59df50","name":"fortinm60@cssdn.gouv.qc.ca","image":{"@type":"ImageObject","inLanguage":"fr-CA","@id":"https:\/\/cssdn.gouv.qc.ca\/saintdominique\/wp-content\/wphb-cache\/gravatar\/2d6\/2d6f6effeb5d333ee07a9fb7a982f633x96.jpg","url":"https:\/\/cssdn.gouv.qc.ca\/saintdominique\/wp-content\/wphb-cache\/gravatar\/2d6\/2d6f6effeb5d333ee07a9fb7a982f633x96.jpg","contentUrl":"https:\/\/cssdn.gouv.qc.ca\/saintdominique\/wp-content\/wphb-cache\/gravatar\/2d6\/2d6f6effeb5d333ee07a9fb7a982f633x96.jpg","caption":"fortinm60@cssdn.gouv.qc.ca"}}]}},"publishpress_future_action":{"enabled":false,"date":"2026-05-08 17:05:12","action":"change-status","newStatus":"draft","terms":[],"taxonomy":"category","extraData":[]},"publishpress_future_workflow_manual_trigger":{"enabledWorkflows":[]},"_links":{"self":[{"href":"https:\/\/cssdn.gouv.qc.ca\/saintdominique\/wp-json\/wp\/v2\/posts\/561","targetHints":{"allow":["GET"]}}],"collection":[{"href":"https:\/\/cssdn.gouv.qc.ca\/saintdominique\/wp-json\/wp\/v2\/posts"}],"about":[{"href":"https:\/\/cssdn.gouv.qc.ca\/saintdominique\/wp-json\/wp\/v2\/types\/post"}],"author":[{"embeddable":true,"href":"https:\/\/cssdn.gouv.qc.ca\/saintdominique\/wp-json\/wp\/v2\/users\/173"}],"replies":[{"embeddable":true,"href":"https:\/\/cssdn.gouv.qc.ca\/saintdominique\/wp-json\/wp\/v2\/comments?post=561"}],"version-history":[{"count":0,"href":"https:\/\/cssdn.gouv.qc.ca\/saintdominique\/wp-json\/wp\/v2\/posts\/561\/revisions"}],"wp:featuredmedia":[{"embeddable":true,"href":"https:\/\/cssdn.gouv.qc.ca\/saintdominique\/wp-json\/wp\/v2\/media\/562"}],"wp:attachment":[{"href":"https:\/\/cssdn.gouv.qc.ca\/saintdominique\/wp-json\/wp\/v2\/media?parent=561"}],"wp:term":[{"taxonomy":"category","embeddable":true,"href":"https:\/\/cssdn.gouv.qc.ca\/saintdominique\/wp-json\/wp\/v2\/categories?post=561"},{"taxonomy":"post_tag","embeddable":true,"href":"https:\/\/cssdn.gouv.qc.ca\/saintdominique\/wp-json\/wp\/v2\/tags?post=561"}],"curies":[{"name":"wp","href":"https:\/\/api.w.org\/{rel}","templated":true}]}}