
{"id":1195,"date":"2025-06-13T15:43:45","date_gmt":"2025-06-13T19:43:45","guid":{"rendered":"https:\/\/cssdn.gouv.qc.ca\/saintjoseph\/2025\/06\/13\/portes-ouvertes-fascinantes-des-pals-primaire\/"},"modified":"2025-06-13T15:43:45","modified_gmt":"2025-06-13T19:43:45","slug":"portes-ouvertes-fascinantes-des-pals-primaire","status":"publish","type":"post","link":"https:\/\/cssdn.gouv.qc.ca\/saintjoseph\/2025\/06\/13\/portes-ouvertes-fascinantes-des-pals-primaire\/","title":{"rendered":"Portes ouvertes fascinantes des PALS primaire"},"content":{"rendered":"\n\n<div class=\"wp-block-post-date\"><time datetime=\"2025-06-13T15:43:45-04:00\">13 juin 2025<\/time><\/div>\n\n\n<p class=\"wp-block-paragraph\">Les huit classes des PALS de l\u2019\u00e9cole Saint-Joseph ont ouvert leurs portes aux parents et grands-parents de leurs \u00e9l\u00e8ves ainsi qu\u2019\u00e0 toutes les classes de l\u2019\u00e9cole, le mercredi 11 juin dernier. Cet \u00e9v\u00e9nement fut l&rsquo;occasion de d\u00e9voiler \u00e0 toutes et tous l\u2019expo-science des 6<sup>e<\/sup> ann\u00e9e, les ponts des 5<sup>e<\/sup> ann\u00e9e ainsi que divers projets des 4<sup>e<\/sup> ann\u00e9e, dont les seigneuries. Les visiteurs ont mentionn\u00e9 avoir \u00e9t\u00e9 impressionn\u00e9s par la qualit\u00e9 du travail r\u00e9alis\u00e9 ainsi que l\u2019\u00e9loquence des \u00e9l\u00e8ves!<\/p>\n\n\n\n<p class=\"wp-block-paragraph\">Un \u00e9norme merci \u00e0 tous les visiteurs et aux \u00e9l\u00e8ves qui ont fait de cet \u00e9v\u00e9nement un v\u00e9ritable succ\u00e8s!<\/p>\n\n\n\n<p class=\"wp-block-paragraph\"><\/p>\n\n\n\n\n<div class=\"align act-mosaic-gallery\" id=\"testimonial-block_800f30276f1635cee99fca8408fdf994\">\n            \n    <div class=\"act-popup-mosaic-slider\" id=\"act-popup-mosaic-slider_69f50cb6086e7\">\n        <div class=\"act-popup-mosaic-slider__wrapper\">\n            <button class=\"act-popup-mosaic-slider__btn-close\">\n                <svg version=\"1.1\" xmlns=\"http:\/\/www.w3.org\/2000\/svg\" width=\"32\" height=\"32\" viewBox=\"0 0 32 32\">\n                    <title>Fermer<\/title>\n                    <path d=\"M25.312 8.563l-7.437 7.437 7.437 7.437-1.875 1.875-7.437-7.437-7.437 7.437-1.875-1.875 7.437-7.437-7.437-7.437 1.875-1.875 7.437 7.437 7.437-7.437z\"><\/path>\n                <\/svg>\n            <\/button>\n            <div class=\"act-popup-mosaic-slider__content\">\n                <section class=\"act-galerie-slider\">\n                    <ul id=\"act-galerie-slider_69f50cb6088f8\">\n                                                                                            <\/ul>\n                <\/section>\n            <\/div>\n        <\/div>\n    <\/div>\n<\/div>\n\n\n\n\n<div class=\"align act-mosaic-gallery\" id=\"testimonial-block_74dc12284cac614e67dd7d06c7a09cff\">\n            \n    <div class=\"act-popup-mosaic-slider\" id=\"act-popup-mosaic-slider_69f50cb6089d9\">\n        <div class=\"act-popup-mosaic-slider__wrapper\">\n            <button class=\"act-popup-mosaic-slider__btn-close\">\n                <svg version=\"1.1\" xmlns=\"http:\/\/www.w3.org\/2000\/svg\" width=\"32\" height=\"32\" viewBox=\"0 0 32 32\">\n                    <title>Fermer<\/title>\n                    <path d=\"M25.312 8.563l-7.437 7.437 7.437 7.437-1.875 1.875-7.437-7.437-7.437 7.437-1.875-1.875 7.437-7.437-7.437-7.437 1.875-1.875 7.437 7.437 7.437-7.437z\"><\/path>\n                <\/svg>\n            <\/button>\n            <div class=\"act-popup-mosaic-slider__content\">\n                <section class=\"act-galerie-slider\">\n                    <ul id=\"act-galerie-slider_69f50cb608a80\">\n                                                                                            <\/ul>\n                <\/section>\n            <\/div>\n        <\/div>\n    <\/div>\n<\/div>\n","protected":false},"excerpt":{"rendered":"<p>Les visiteurs ont mentionn\u00e9 avoir \u00e9t\u00e9 impressionn\u00e9s par la qualit\u00e9 du travail r\u00e9alis\u00e9 ainsi que l\u2019\u00e9loquence des \u00e9l\u00e8ves!<\/p>\n","protected":false},"author":173,"featured_media":1196,"comment_status":"closed","ping_status":"closed","sticky":false,"template":"","format":"standard","meta":{"_acf_changed":false,"_crdt_document":"","inline_featured_image":false,"footnotes":""},"categories":[24],"tags":[],"class_list":["post-1195","post","type-post","status-publish","format-standard","has-post-thumbnail","hentry","category-uncategorized"],"acf":[],"yoast_head":"<!-- This site is optimized with the Yoast SEO plugin v27.5 - https:\/\/yoast.com\/product\/yoast-seo-wordpress\/ -->\n<title>Portes ouvertes fascinantes des PALS primaire - \u00c9cole Saint-Joseph<\/title>\n<meta name=\"robots\" content=\"index, follow, max-snippet:-1, max-image-preview:large, max-video-preview:-1\" \/>\n<link rel=\"canonical\" href=\"https:\/\/cssdn.gouv.qc.ca\/saintjoseph\/2025\/06\/13\/portes-ouvertes-fascinantes-des-pals-primaire\/\" \/>\n<meta property=\"og:locale\" content=\"fr_CA\" \/>\n<meta property=\"og:type\" content=\"article\" \/>\n<meta property=\"og:title\" content=\"Portes ouvertes fascinantes des PALS primaire - \u00c9cole Saint-Joseph\" \/>\n<meta property=\"og:description\" content=\"Les visiteurs ont mentionn\u00e9 avoir \u00e9t\u00e9 impressionn\u00e9s par la qualit\u00e9 du travail r\u00e9alis\u00e9 ainsi que l\u2019\u00e9loquence des \u00e9l\u00e8ves!\" \/>\n<meta property=\"og:url\" content=\"https:\/\/cssdn.gouv.qc.ca\/saintjoseph\/2025\/06\/13\/portes-ouvertes-fascinantes-des-pals-primaire\/\" \/>\n<meta property=\"og:site_name\" content=\"\u00c9cole Saint-Joseph\" \/>\n<meta property=\"article:publisher\" content=\"https:\/\/www.facebook.com\/cole-Saint-Joseph-1208534525882283\/\" \/>\n<meta property=\"article:published_time\" content=\"2025-06-13T19:43:45+00:00\" \/>\n<meta property=\"og:image\" content=\"https:\/\/cssdn.gouv.qc.ca\/saintjoseph\/wp-content\/uploads\/sites\/59\/2025\/06\/20250611_Portes-ouvertes-PALS-St-Joseph34.jpg\" \/>\n\t<meta property=\"og:image:width\" content=\"2048\" \/>\n\t<meta property=\"og:image:height\" content=\"1536\" \/>\n\t<meta property=\"og:image:type\" content=\"image\/jpeg\" \/>\n<meta name=\"author\" content=\"fortinm60@cssdn.gouv.qc.ca\" \/>\n<meta name=\"twitter:card\" content=\"summary_large_image\" \/>\n<meta name=\"twitter:label1\" content=\"\u00c9crit par\" \/>\n\t<meta name=\"twitter:data1\" content=\"fortinm60@cssdn.gouv.qc.ca\" \/>\n\t<meta name=\"twitter:label2\" content=\"Estimation du temps de lecture\" \/>\n\t<meta name=\"twitter:data2\" content=\"1 minute\" \/>\n<script type=\"application\/ld+json\" class=\"yoast-schema-graph\">{\"@context\":\"https:\\\/\\\/schema.org\",\"@graph\":[{\"@type\":\"Article\",\"@id\":\"https:\\\/\\\/cssdn.gouv.qc.ca\\\/saintjoseph\\\/2025\\\/06\\\/13\\\/portes-ouvertes-fascinantes-des-pals-primaire\\\/#article\",\"isPartOf\":{\"@id\":\"https:\\\/\\\/cssdn.gouv.qc.ca\\\/saintjoseph\\\/2025\\\/06\\\/13\\\/portes-ouvertes-fascinantes-des-pals-primaire\\\/\"},\"author\":{\"name\":\"fortinm60@cssdn.gouv.qc.ca\",\"@id\":\"https:\\\/\\\/cssdn.gouv.qc.ca\\\/saintjoseph\\\/#\\\/schema\\\/person\\\/c33219a6c041a825a50ee8ca8c59df50\"},\"headline\":\"Portes ouvertes fascinantes des PALS primaire\",\"datePublished\":\"2025-06-13T19:43:45+00:00\",\"mainEntityOfPage\":{\"@id\":\"https:\\\/\\\/cssdn.gouv.qc.ca\\\/saintjoseph\\\/2025\\\/06\\\/13\\\/portes-ouvertes-fascinantes-des-pals-primaire\\\/\"},\"wordCount\":118,\"publisher\":{\"@id\":\"https:\\\/\\\/cssdn.gouv.qc.ca\\\/saintjoseph\\\/#organization\"},\"image\":{\"@id\":\"https:\\\/\\\/cssdn.gouv.qc.ca\\\/saintjoseph\\\/2025\\\/06\\\/13\\\/portes-ouvertes-fascinantes-des-pals-primaire\\\/#primaryimage\"},\"thumbnailUrl\":\"https:\\\/\\\/cssdn.gouv.qc.ca\\\/saintjoseph\\\/wp-content\\\/uploads\\\/sites\\\/59\\\/2025\\\/06\\\/20250611_Portes-ouvertes-PALS-St-Joseph34.jpg\",\"articleSection\":[\"Uncategorized\"],\"inLanguage\":\"fr-CA\"},{\"@type\":\"WebPage\",\"@id\":\"https:\\\/\\\/cssdn.gouv.qc.ca\\\/saintjoseph\\\/2025\\\/06\\\/13\\\/portes-ouvertes-fascinantes-des-pals-primaire\\\/\",\"url\":\"https:\\\/\\\/cssdn.gouv.qc.ca\\\/saintjoseph\\\/2025\\\/06\\\/13\\\/portes-ouvertes-fascinantes-des-pals-primaire\\\/\",\"name\":\"Portes ouvertes fascinantes des PALS primaire - \u00c9cole Saint-Joseph\",\"isPartOf\":{\"@id\":\"https:\\\/\\\/cssdn.gouv.qc.ca\\\/saintjoseph\\\/#website\"},\"primaryImageOfPage\":{\"@id\":\"https:\\\/\\\/cssdn.gouv.qc.ca\\\/saintjoseph\\\/2025\\\/06\\\/13\\\/portes-ouvertes-fascinantes-des-pals-primaire\\\/#primaryimage\"},\"image\":{\"@id\":\"https:\\\/\\\/cssdn.gouv.qc.ca\\\/saintjoseph\\\/2025\\\/06\\\/13\\\/portes-ouvertes-fascinantes-des-pals-primaire\\\/#primaryimage\"},\"thumbnailUrl\":\"https:\\\/\\\/cssdn.gouv.qc.ca\\\/saintjoseph\\\/wp-content\\\/uploads\\\/sites\\\/59\\\/2025\\\/06\\\/20250611_Portes-ouvertes-PALS-St-Joseph34.jpg\",\"datePublished\":\"2025-06-13T19:43:45+00:00\",\"breadcrumb\":{\"@id\":\"https:\\\/\\\/cssdn.gouv.qc.ca\\\/saintjoseph\\\/2025\\\/06\\\/13\\\/portes-ouvertes-fascinantes-des-pals-primaire\\\/#breadcrumb\"},\"inLanguage\":\"fr-CA\",\"potentialAction\":[{\"@type\":\"ReadAction\",\"target\":[\"https:\\\/\\\/cssdn.gouv.qc.ca\\\/saintjoseph\\\/2025\\\/06\\\/13\\\/portes-ouvertes-fascinantes-des-pals-primaire\\\/\"]}]},{\"@type\":\"ImageObject\",\"inLanguage\":\"fr-CA\",\"@id\":\"https:\\\/\\\/cssdn.gouv.qc.ca\\\/saintjoseph\\\/2025\\\/06\\\/13\\\/portes-ouvertes-fascinantes-des-pals-primaire\\\/#primaryimage\",\"url\":\"https:\\\/\\\/cssdn.gouv.qc.ca\\\/saintjoseph\\\/wp-content\\\/uploads\\\/sites\\\/59\\\/2025\\\/06\\\/20250611_Portes-ouvertes-PALS-St-Joseph34.jpg\",\"contentUrl\":\"https:\\\/\\\/cssdn.gouv.qc.ca\\\/saintjoseph\\\/wp-content\\\/uploads\\\/sites\\\/59\\\/2025\\\/06\\\/20250611_Portes-ouvertes-PALS-St-Joseph34.jpg\",\"width\":2048,\"height\":1536},{\"@type\":\"BreadcrumbList\",\"@id\":\"https:\\\/\\\/cssdn.gouv.qc.ca\\\/saintjoseph\\\/2025\\\/06\\\/13\\\/portes-ouvertes-fascinantes-des-pals-primaire\\\/#breadcrumb\",\"itemListElement\":[{\"@type\":\"ListItem\",\"position\":1,\"name\":\"Accueil\",\"item\":\"https:\\\/\\\/cssdn.gouv.qc.ca\\\/saintjoseph\\\/\"},{\"@type\":\"ListItem\",\"position\":2,\"name\":\"Portes ouvertes fascinantes des PALS primaire\"}]},{\"@type\":\"WebSite\",\"@id\":\"https:\\\/\\\/cssdn.gouv.qc.ca\\\/saintjoseph\\\/#website\",\"url\":\"https:\\\/\\\/cssdn.gouv.qc.ca\\\/saintjoseph\\\/\",\"name\":\"\u00c9cole Saint-Joseph\",\"description\":\"Un site des centres de services scolaires des Navigateurs\",\"publisher\":{\"@id\":\"https:\\\/\\\/cssdn.gouv.qc.ca\\\/saintjoseph\\\/#organization\"},\"potentialAction\":[{\"@type\":\"SearchAction\",\"target\":{\"@type\":\"EntryPoint\",\"urlTemplate\":\"https:\\\/\\\/cssdn.gouv.qc.ca\\\/saintjoseph\\\/?s={search_term_string}\"},\"query-input\":{\"@type\":\"PropertyValueSpecification\",\"valueRequired\":true,\"valueName\":\"search_term_string\"}}],\"inLanguage\":\"fr-CA\"},{\"@type\":\"Organization\",\"@id\":\"https:\\\/\\\/cssdn.gouv.qc.ca\\\/saintjoseph\\\/#organization\",\"name\":\"\u00c9cole Saint-Joseph\",\"url\":\"https:\\\/\\\/cssdn.gouv.qc.ca\\\/saintjoseph\\\/\",\"logo\":{\"@type\":\"ImageObject\",\"inLanguage\":\"fr-CA\",\"@id\":\"https:\\\/\\\/cssdn.gouv.qc.ca\\\/saintjoseph\\\/#\\\/schema\\\/logo\\\/image\\\/\",\"url\":\"https:\\\/\\\/cssdn.gouv.qc.ca\\\/saintjoseph\\\/wp-content\\\/uploads\\\/sites\\\/59\\\/2023\\\/01\\\/logo_quebec.svg\",\"contentUrl\":\"https:\\\/\\\/cssdn.gouv.qc.ca\\\/saintjoseph\\\/wp-content\\\/uploads\\\/sites\\\/59\\\/2023\\\/01\\\/logo_quebec.svg\",\"width\":188,\"height\":41,\"caption\":\"\u00c9cole Saint-Joseph\"},\"image\":{\"@id\":\"https:\\\/\\\/cssdn.gouv.qc.ca\\\/saintjoseph\\\/#\\\/schema\\\/logo\\\/image\\\/\"},\"sameAs\":[\"https:\\\/\\\/www.facebook.com\\\/cole-Saint-Joseph-1208534525882283\\\/\"]},{\"@type\":\"Person\",\"@id\":\"https:\\\/\\\/cssdn.gouv.qc.ca\\\/saintjoseph\\\/#\\\/schema\\\/person\\\/c33219a6c041a825a50ee8ca8c59df50\",\"name\":\"fortinm60@cssdn.gouv.qc.ca\",\"image\":{\"@type\":\"ImageObject\",\"inLanguage\":\"fr-CA\",\"@id\":\"https:\\\/\\\/cssdn.gouv.qc.ca\\\/saintjoseph\\\/wp-content\\\/wphb-cache\\\/gravatar\\\/2d6\\\/2d6f6effeb5d333ee07a9fb7a982f633x96.jpg\",\"url\":\"https:\\\/\\\/cssdn.gouv.qc.ca\\\/saintjoseph\\\/wp-content\\\/wphb-cache\\\/gravatar\\\/2d6\\\/2d6f6effeb5d333ee07a9fb7a982f633x96.jpg\",\"contentUrl\":\"https:\\\/\\\/cssdn.gouv.qc.ca\\\/saintjoseph\\\/wp-content\\\/wphb-cache\\\/gravatar\\\/2d6\\\/2d6f6effeb5d333ee07a9fb7a982f633x96.jpg\",\"caption\":\"fortinm60@cssdn.gouv.qc.ca\"}}]}<\/script>\n<!-- \/ Yoast SEO plugin. -->","yoast_head_json":{"title":"Portes ouvertes fascinantes des PALS primaire - \u00c9cole Saint-Joseph","robots":{"index":"index","follow":"follow","max-snippet":"max-snippet:-1","max-image-preview":"max-image-preview:large","max-video-preview":"max-video-preview:-1"},"canonical":"https:\/\/cssdn.gouv.qc.ca\/saintjoseph\/2025\/06\/13\/portes-ouvertes-fascinantes-des-pals-primaire\/","og_locale":"fr_CA","og_type":"article","og_title":"Portes ouvertes fascinantes des PALS primaire - \u00c9cole Saint-Joseph","og_description":"Les visiteurs ont mentionn\u00e9 avoir \u00e9t\u00e9 impressionn\u00e9s par la qualit\u00e9 du travail r\u00e9alis\u00e9 ainsi que l\u2019\u00e9loquence des \u00e9l\u00e8ves!","og_url":"https:\/\/cssdn.gouv.qc.ca\/saintjoseph\/2025\/06\/13\/portes-ouvertes-fascinantes-des-pals-primaire\/","og_site_name":"\u00c9cole Saint-Joseph","article_publisher":"https:\/\/www.facebook.com\/cole-Saint-Joseph-1208534525882283\/","article_published_time":"2025-06-13T19:43:45+00:00","og_image":[{"width":2048,"height":1536,"url":"https:\/\/cssdn.gouv.qc.ca\/saintjoseph\/wp-content\/uploads\/sites\/59\/2025\/06\/20250611_Portes-ouvertes-PALS-St-Joseph34.jpg","type":"image\/jpeg"}],"author":"fortinm60@cssdn.gouv.qc.ca","twitter_card":"summary_large_image","twitter_misc":{"\u00c9crit par":"fortinm60@cssdn.gouv.qc.ca","Estimation du temps de lecture":"1 minute"},"schema":{"@context":"https:\/\/schema.org","@graph":[{"@type":"Article","@id":"https:\/\/cssdn.gouv.qc.ca\/saintjoseph\/2025\/06\/13\/portes-ouvertes-fascinantes-des-pals-primaire\/#article","isPartOf":{"@id":"https:\/\/cssdn.gouv.qc.ca\/saintjoseph\/2025\/06\/13\/portes-ouvertes-fascinantes-des-pals-primaire\/"},"author":{"name":"fortinm60@cssdn.gouv.qc.ca","@id":"https:\/\/cssdn.gouv.qc.ca\/saintjoseph\/#\/schema\/person\/c33219a6c041a825a50ee8ca8c59df50"},"headline":"Portes ouvertes fascinantes des PALS primaire","datePublished":"2025-06-13T19:43:45+00:00","mainEntityOfPage":{"@id":"https:\/\/cssdn.gouv.qc.ca\/saintjoseph\/2025\/06\/13\/portes-ouvertes-fascinantes-des-pals-primaire\/"},"wordCount":118,"publisher":{"@id":"https:\/\/cssdn.gouv.qc.ca\/saintjoseph\/#organization"},"image":{"@id":"https:\/\/cssdn.gouv.qc.ca\/saintjoseph\/2025\/06\/13\/portes-ouvertes-fascinantes-des-pals-primaire\/#primaryimage"},"thumbnailUrl":"https:\/\/cssdn.gouv.qc.ca\/saintjoseph\/wp-content\/uploads\/sites\/59\/2025\/06\/20250611_Portes-ouvertes-PALS-St-Joseph34.jpg","articleSection":["Uncategorized"],"inLanguage":"fr-CA"},{"@type":"WebPage","@id":"https:\/\/cssdn.gouv.qc.ca\/saintjoseph\/2025\/06\/13\/portes-ouvertes-fascinantes-des-pals-primaire\/","url":"https:\/\/cssdn.gouv.qc.ca\/saintjoseph\/2025\/06\/13\/portes-ouvertes-fascinantes-des-pals-primaire\/","name":"Portes ouvertes fascinantes des PALS primaire - \u00c9cole Saint-Joseph","isPartOf":{"@id":"https:\/\/cssdn.gouv.qc.ca\/saintjoseph\/#website"},"primaryImageOfPage":{"@id":"https:\/\/cssdn.gouv.qc.ca\/saintjoseph\/2025\/06\/13\/portes-ouvertes-fascinantes-des-pals-primaire\/#primaryimage"},"image":{"@id":"https:\/\/cssdn.gouv.qc.ca\/saintjoseph\/2025\/06\/13\/portes-ouvertes-fascinantes-des-pals-primaire\/#primaryimage"},"thumbnailUrl":"https:\/\/cssdn.gouv.qc.ca\/saintjoseph\/wp-content\/uploads\/sites\/59\/2025\/06\/20250611_Portes-ouvertes-PALS-St-Joseph34.jpg","datePublished":"2025-06-13T19:43:45+00:00","breadcrumb":{"@id":"https:\/\/cssdn.gouv.qc.ca\/saintjoseph\/2025\/06\/13\/portes-ouvertes-fascinantes-des-pals-primaire\/#breadcrumb"},"inLanguage":"fr-CA","potentialAction":[{"@type":"ReadAction","target":["https:\/\/cssdn.gouv.qc.ca\/saintjoseph\/2025\/06\/13\/portes-ouvertes-fascinantes-des-pals-primaire\/"]}]},{"@type":"ImageObject","inLanguage":"fr-CA","@id":"https:\/\/cssdn.gouv.qc.ca\/saintjoseph\/2025\/06\/13\/portes-ouvertes-fascinantes-des-pals-primaire\/#primaryimage","url":"https:\/\/cssdn.gouv.qc.ca\/saintjoseph\/wp-content\/uploads\/sites\/59\/2025\/06\/20250611_Portes-ouvertes-PALS-St-Joseph34.jpg","contentUrl":"https:\/\/cssdn.gouv.qc.ca\/saintjoseph\/wp-content\/uploads\/sites\/59\/2025\/06\/20250611_Portes-ouvertes-PALS-St-Joseph34.jpg","width":2048,"height":1536},{"@type":"BreadcrumbList","@id":"https:\/\/cssdn.gouv.qc.ca\/saintjoseph\/2025\/06\/13\/portes-ouvertes-fascinantes-des-pals-primaire\/#breadcrumb","itemListElement":[{"@type":"ListItem","position":1,"name":"Accueil","item":"https:\/\/cssdn.gouv.qc.ca\/saintjoseph\/"},{"@type":"ListItem","position":2,"name":"Portes ouvertes fascinantes des PALS primaire"}]},{"@type":"WebSite","@id":"https:\/\/cssdn.gouv.qc.ca\/saintjoseph\/#website","url":"https:\/\/cssdn.gouv.qc.ca\/saintjoseph\/","name":"\u00c9cole Saint-Joseph","description":"Un site des centres de services scolaires des Navigateurs","publisher":{"@id":"https:\/\/cssdn.gouv.qc.ca\/saintjoseph\/#organization"},"potentialAction":[{"@type":"SearchAction","target":{"@type":"EntryPoint","urlTemplate":"https:\/\/cssdn.gouv.qc.ca\/saintjoseph\/?s={search_term_string}"},"query-input":{"@type":"PropertyValueSpecification","valueRequired":true,"valueName":"search_term_string"}}],"inLanguage":"fr-CA"},{"@type":"Organization","@id":"https:\/\/cssdn.gouv.qc.ca\/saintjoseph\/#organization","name":"\u00c9cole Saint-Joseph","url":"https:\/\/cssdn.gouv.qc.ca\/saintjoseph\/","logo":{"@type":"ImageObject","inLanguage":"fr-CA","@id":"https:\/\/cssdn.gouv.qc.ca\/saintjoseph\/#\/schema\/logo\/image\/","url":"https:\/\/cssdn.gouv.qc.ca\/saintjoseph\/wp-content\/uploads\/sites\/59\/2023\/01\/logo_quebec.svg","contentUrl":"https:\/\/cssdn.gouv.qc.ca\/saintjoseph\/wp-content\/uploads\/sites\/59\/2023\/01\/logo_quebec.svg","width":188,"height":41,"caption":"\u00c9cole Saint-Joseph"},"image":{"@id":"https:\/\/cssdn.gouv.qc.ca\/saintjoseph\/#\/schema\/logo\/image\/"},"sameAs":["https:\/\/www.facebook.com\/cole-Saint-Joseph-1208534525882283\/"]},{"@type":"Person","@id":"https:\/\/cssdn.gouv.qc.ca\/saintjoseph\/#\/schema\/person\/c33219a6c041a825a50ee8ca8c59df50","name":"fortinm60@cssdn.gouv.qc.ca","image":{"@type":"ImageObject","inLanguage":"fr-CA","@id":"https:\/\/cssdn.gouv.qc.ca\/saintjoseph\/wp-content\/wphb-cache\/gravatar\/2d6\/2d6f6effeb5d333ee07a9fb7a982f633x96.jpg","url":"https:\/\/cssdn.gouv.qc.ca\/saintjoseph\/wp-content\/wphb-cache\/gravatar\/2d6\/2d6f6effeb5d333ee07a9fb7a982f633x96.jpg","contentUrl":"https:\/\/cssdn.gouv.qc.ca\/saintjoseph\/wp-content\/wphb-cache\/gravatar\/2d6\/2d6f6effeb5d333ee07a9fb7a982f633x96.jpg","caption":"fortinm60@cssdn.gouv.qc.ca"}}]}},"publishpress_future_action":{"enabled":false,"date":"2026-05-08 16:27:34","action":"change-status","newStatus":"draft","terms":[],"taxonomy":"category","extraData":[]},"publishpress_future_workflow_manual_trigger":{"enabledWorkflows":[]},"_links":{"self":[{"href":"https:\/\/cssdn.gouv.qc.ca\/saintjoseph\/wp-json\/wp\/v2\/posts\/1195","targetHints":{"allow":["GET"]}}],"collection":[{"href":"https:\/\/cssdn.gouv.qc.ca\/saintjoseph\/wp-json\/wp\/v2\/posts"}],"about":[{"href":"https:\/\/cssdn.gouv.qc.ca\/saintjoseph\/wp-json\/wp\/v2\/types\/post"}],"author":[{"embeddable":true,"href":"https:\/\/cssdn.gouv.qc.ca\/saintjoseph\/wp-json\/wp\/v2\/users\/173"}],"replies":[{"embeddable":true,"href":"https:\/\/cssdn.gouv.qc.ca\/saintjoseph\/wp-json\/wp\/v2\/comments?post=1195"}],"version-history":[{"count":0,"href":"https:\/\/cssdn.gouv.qc.ca\/saintjoseph\/wp-json\/wp\/v2\/posts\/1195\/revisions"}],"wp:featuredmedia":[{"embeddable":true,"href":"https:\/\/cssdn.gouv.qc.ca\/saintjoseph\/wp-json\/wp\/v2\/media\/1196"}],"wp:attachment":[{"href":"https:\/\/cssdn.gouv.qc.ca\/saintjoseph\/wp-json\/wp\/v2\/media?parent=1195"}],"wp:term":[{"taxonomy":"category","embeddable":true,"href":"https:\/\/cssdn.gouv.qc.ca\/saintjoseph\/wp-json\/wp\/v2\/categories?post=1195"},{"taxonomy":"post_tag","embeddable":true,"href":"https:\/\/cssdn.gouv.qc.ca\/saintjoseph\/wp-json\/wp\/v2\/tags?post=1195"}],"curies":[{"name":"wp","href":"https:\/\/api.w.org\/{rel}","templated":true}]}}