
{"id":1280,"date":"2025-09-23T11:28:03","date_gmt":"2025-09-23T15:28:03","guid":{"rendered":"https:\/\/cssdn.gouv.qc.ca\/saintjoseph\/2025\/09\/23\/visite-educative-a-la-ferme-genest-pour-les-eleves-de-saint-joseph\/"},"modified":"2025-09-23T11:28:03","modified_gmt":"2025-09-23T15:28:03","slug":"visite-educative-a-la-ferme-genest-pour-les-eleves-de-saint-joseph","status":"publish","type":"post","link":"https:\/\/cssdn.gouv.qc.ca\/saintjoseph\/2025\/09\/23\/visite-educative-a-la-ferme-genest-pour-les-eleves-de-saint-joseph\/","title":{"rendered":"Visite \u00e9ducative \u00e0 la Ferme Genest pour les \u00e9l\u00e8ves de Saint-Joseph"},"content":{"rendered":"\n\n<div class=\"wp-block-post-date\"><time datetime=\"2025-09-23T11:28:03-04:00\">23 septembre 2025<\/time><\/div>\n\n\n<p class=\"wp-block-paragraph\">Les \u00e9l\u00e8ves de l&rsquo;\u00e9cole Saint-Joseph ont eu la chance d&rsquo;aller \u00e0 la Ferme Genest lors de la journ\u00e9e p\u00e9dagogique du 19 septembre 2025. Ils ont pu d\u00e9couvrir le verger et rapporter des pommes. Ils ont aussi eu la chance de faire cuire un morceau de pain sur le feu. Une journ\u00e9e qui a \u00e9t\u00e9 grandement appr\u00e9ci\u00e9e de toutes et tous. Merci au comit\u00e9 organisateur!<\/p>\n\n\n\n<p class=\"wp-block-paragraph\"><\/p>\n\n\n\n\n<div class=\"align act-mosaic-gallery\" id=\"testimonial-block_ce4db69c2091b3bc3bb1b332c52dad8c\">\n            \n    <div class=\"act-popup-mosaic-slider\" id=\"act-popup-mosaic-slider_69f379bad5a81\">\n        <div class=\"act-popup-mosaic-slider__wrapper\">\n            <button class=\"act-popup-mosaic-slider__btn-close\">\n                <svg version=\"1.1\" xmlns=\"http:\/\/www.w3.org\/2000\/svg\" width=\"32\" height=\"32\" viewBox=\"0 0 32 32\">\n                    <title>Fermer<\/title>\n                    <path d=\"M25.312 8.563l-7.437 7.437 7.437 7.437-1.875 1.875-7.437-7.437-7.437 7.437-1.875-1.875 7.437-7.437-7.437-7.437 1.875-1.875 7.437 7.437 7.437-7.437z\"><\/path>\n                <\/svg>\n            <\/button>\n            <div class=\"act-popup-mosaic-slider__content\">\n                <section class=\"act-galerie-slider\">\n                    <ul id=\"act-galerie-slider_69f379bad5c71\">\n                                                                                            <\/ul>\n                <\/section>\n            <\/div>\n        <\/div>\n    <\/div>\n<\/div>\n","protected":false},"excerpt":{"rendered":"<p>Les \u00e9l\u00e8ves de l&rsquo;\u00e9cole Saint-Joseph ont eu la chance d&rsquo;aller \u00e0 la Ferme Genest lors de la journ\u00e9e p\u00e9dagogique du 19 septembre 2025. Ils ont pu d\u00e9couvrir le verger et rapporter des pommes.<\/p>\n","protected":false},"author":173,"featured_media":1281,"comment_status":"closed","ping_status":"closed","sticky":false,"template":"","format":"standard","meta":{"_acf_changed":false,"_crdt_document":"","inline_featured_image":false,"footnotes":""},"categories":[24],"tags":[],"class_list":["post-1280","post","type-post","status-publish","format-standard","has-post-thumbnail","hentry","category-uncategorized"],"acf":[],"yoast_head":"<!-- This site is optimized with the Yoast SEO plugin v27.5 - https:\/\/yoast.com\/product\/yoast-seo-wordpress\/ -->\n<title>Visite \u00e9ducative \u00e0 la Ferme Genest pour les \u00e9l\u00e8ves de Saint-Joseph - \u00c9cole Saint-Joseph<\/title>\n<meta name=\"robots\" content=\"index, follow, max-snippet:-1, max-image-preview:large, max-video-preview:-1\" \/>\n<link rel=\"canonical\" href=\"https:\/\/cssdn.gouv.qc.ca\/saintjoseph\/2025\/09\/23\/visite-educative-a-la-ferme-genest-pour-les-eleves-de-saint-joseph\/\" \/>\n<meta property=\"og:locale\" content=\"fr_CA\" \/>\n<meta property=\"og:type\" content=\"article\" \/>\n<meta property=\"og:title\" content=\"Visite \u00e9ducative \u00e0 la Ferme Genest pour les \u00e9l\u00e8ves de Saint-Joseph - \u00c9cole Saint-Joseph\" \/>\n<meta property=\"og:description\" content=\"Les \u00e9l\u00e8ves de l&#039;\u00e9cole Saint-Joseph ont eu la chance d&#039;aller \u00e0 la Ferme Genest lors de la journ\u00e9e p\u00e9dagogique du 19 septembre 2025. Ils ont pu d\u00e9couvrir le verger et rapporter des pommes.\" \/>\n<meta property=\"og:url\" content=\"https:\/\/cssdn.gouv.qc.ca\/saintjoseph\/2025\/09\/23\/visite-educative-a-la-ferme-genest-pour-les-eleves-de-saint-joseph\/\" \/>\n<meta property=\"og:site_name\" content=\"\u00c9cole Saint-Joseph\" \/>\n<meta property=\"article:publisher\" content=\"https:\/\/www.facebook.com\/cole-Saint-Joseph-1208534525882283\/\" \/>\n<meta property=\"article:published_time\" content=\"2025-09-23T15:28:03+00:00\" \/>\n<meta property=\"og:image\" content=\"https:\/\/cssdn.gouv.qc.ca\/saintjoseph\/wp-content\/uploads\/sites\/59\/2025\/09\/pommes-st-joseph-2025-4-6.jpg\" \/>\n\t<meta property=\"og:image:width\" content=\"848\" \/>\n\t<meta property=\"og:image:height\" content=\"1142\" \/>\n\t<meta property=\"og:image:type\" content=\"image\/jpeg\" \/>\n<meta name=\"author\" content=\"fortinm60@cssdn.gouv.qc.ca\" \/>\n<meta name=\"twitter:card\" content=\"summary_large_image\" \/>\n<meta name=\"twitter:label1\" content=\"\u00c9crit par\" \/>\n\t<meta name=\"twitter:data1\" content=\"fortinm60@cssdn.gouv.qc.ca\" \/>\n<script type=\"application\/ld+json\" class=\"yoast-schema-graph\">{\"@context\":\"https:\\\/\\\/schema.org\",\"@graph\":[{\"@type\":\"Article\",\"@id\":\"https:\\\/\\\/cssdn.gouv.qc.ca\\\/saintjoseph\\\/2025\\\/09\\\/23\\\/visite-educative-a-la-ferme-genest-pour-les-eleves-de-saint-joseph\\\/#article\",\"isPartOf\":{\"@id\":\"https:\\\/\\\/cssdn.gouv.qc.ca\\\/saintjoseph\\\/2025\\\/09\\\/23\\\/visite-educative-a-la-ferme-genest-pour-les-eleves-de-saint-joseph\\\/\"},\"author\":{\"name\":\"fortinm60@cssdn.gouv.qc.ca\",\"@id\":\"https:\\\/\\\/cssdn.gouv.qc.ca\\\/saintjoseph\\\/#\\\/schema\\\/person\\\/c33219a6c041a825a50ee8ca8c59df50\"},\"headline\":\"Visite \u00e9ducative \u00e0 la Ferme Genest pour les \u00e9l\u00e8ves de Saint-Joseph\",\"datePublished\":\"2025-09-23T15:28:03+00:00\",\"mainEntityOfPage\":{\"@id\":\"https:\\\/\\\/cssdn.gouv.qc.ca\\\/saintjoseph\\\/2025\\\/09\\\/23\\\/visite-educative-a-la-ferme-genest-pour-les-eleves-de-saint-joseph\\\/\"},\"wordCount\":81,\"publisher\":{\"@id\":\"https:\\\/\\\/cssdn.gouv.qc.ca\\\/saintjoseph\\\/#organization\"},\"image\":{\"@id\":\"https:\\\/\\\/cssdn.gouv.qc.ca\\\/saintjoseph\\\/2025\\\/09\\\/23\\\/visite-educative-a-la-ferme-genest-pour-les-eleves-de-saint-joseph\\\/#primaryimage\"},\"thumbnailUrl\":\"https:\\\/\\\/cssdn.gouv.qc.ca\\\/saintjoseph\\\/wp-content\\\/uploads\\\/sites\\\/59\\\/2025\\\/09\\\/pommes-st-joseph-2025-4-6.jpg\",\"articleSection\":[\"Uncategorized\"],\"inLanguage\":\"fr-CA\"},{\"@type\":\"WebPage\",\"@id\":\"https:\\\/\\\/cssdn.gouv.qc.ca\\\/saintjoseph\\\/2025\\\/09\\\/23\\\/visite-educative-a-la-ferme-genest-pour-les-eleves-de-saint-joseph\\\/\",\"url\":\"https:\\\/\\\/cssdn.gouv.qc.ca\\\/saintjoseph\\\/2025\\\/09\\\/23\\\/visite-educative-a-la-ferme-genest-pour-les-eleves-de-saint-joseph\\\/\",\"name\":\"Visite \u00e9ducative \u00e0 la Ferme Genest pour les \u00e9l\u00e8ves de Saint-Joseph - \u00c9cole Saint-Joseph\",\"isPartOf\":{\"@id\":\"https:\\\/\\\/cssdn.gouv.qc.ca\\\/saintjoseph\\\/#website\"},\"primaryImageOfPage\":{\"@id\":\"https:\\\/\\\/cssdn.gouv.qc.ca\\\/saintjoseph\\\/2025\\\/09\\\/23\\\/visite-educative-a-la-ferme-genest-pour-les-eleves-de-saint-joseph\\\/#primaryimage\"},\"image\":{\"@id\":\"https:\\\/\\\/cssdn.gouv.qc.ca\\\/saintjoseph\\\/2025\\\/09\\\/23\\\/visite-educative-a-la-ferme-genest-pour-les-eleves-de-saint-joseph\\\/#primaryimage\"},\"thumbnailUrl\":\"https:\\\/\\\/cssdn.gouv.qc.ca\\\/saintjoseph\\\/wp-content\\\/uploads\\\/sites\\\/59\\\/2025\\\/09\\\/pommes-st-joseph-2025-4-6.jpg\",\"datePublished\":\"2025-09-23T15:28:03+00:00\",\"breadcrumb\":{\"@id\":\"https:\\\/\\\/cssdn.gouv.qc.ca\\\/saintjoseph\\\/2025\\\/09\\\/23\\\/visite-educative-a-la-ferme-genest-pour-les-eleves-de-saint-joseph\\\/#breadcrumb\"},\"inLanguage\":\"fr-CA\",\"potentialAction\":[{\"@type\":\"ReadAction\",\"target\":[\"https:\\\/\\\/cssdn.gouv.qc.ca\\\/saintjoseph\\\/2025\\\/09\\\/23\\\/visite-educative-a-la-ferme-genest-pour-les-eleves-de-saint-joseph\\\/\"]}]},{\"@type\":\"ImageObject\",\"inLanguage\":\"fr-CA\",\"@id\":\"https:\\\/\\\/cssdn.gouv.qc.ca\\\/saintjoseph\\\/2025\\\/09\\\/23\\\/visite-educative-a-la-ferme-genest-pour-les-eleves-de-saint-joseph\\\/#primaryimage\",\"url\":\"https:\\\/\\\/cssdn.gouv.qc.ca\\\/saintjoseph\\\/wp-content\\\/uploads\\\/sites\\\/59\\\/2025\\\/09\\\/pommes-st-joseph-2025-4-6.jpg\",\"contentUrl\":\"https:\\\/\\\/cssdn.gouv.qc.ca\\\/saintjoseph\\\/wp-content\\\/uploads\\\/sites\\\/59\\\/2025\\\/09\\\/pommes-st-joseph-2025-4-6.jpg\",\"width\":848,\"height\":1142},{\"@type\":\"BreadcrumbList\",\"@id\":\"https:\\\/\\\/cssdn.gouv.qc.ca\\\/saintjoseph\\\/2025\\\/09\\\/23\\\/visite-educative-a-la-ferme-genest-pour-les-eleves-de-saint-joseph\\\/#breadcrumb\",\"itemListElement\":[{\"@type\":\"ListItem\",\"position\":1,\"name\":\"Accueil\",\"item\":\"https:\\\/\\\/cssdn.gouv.qc.ca\\\/saintjoseph\\\/\"},{\"@type\":\"ListItem\",\"position\":2,\"name\":\"Visite \u00e9ducative \u00e0 la Ferme Genest pour les \u00e9l\u00e8ves de Saint-Joseph\"}]},{\"@type\":\"WebSite\",\"@id\":\"https:\\\/\\\/cssdn.gouv.qc.ca\\\/saintjoseph\\\/#website\",\"url\":\"https:\\\/\\\/cssdn.gouv.qc.ca\\\/saintjoseph\\\/\",\"name\":\"\u00c9cole Saint-Joseph\",\"description\":\"Un site des centres de services scolaires des Navigateurs\",\"publisher\":{\"@id\":\"https:\\\/\\\/cssdn.gouv.qc.ca\\\/saintjoseph\\\/#organization\"},\"potentialAction\":[{\"@type\":\"SearchAction\",\"target\":{\"@type\":\"EntryPoint\",\"urlTemplate\":\"https:\\\/\\\/cssdn.gouv.qc.ca\\\/saintjoseph\\\/?s={search_term_string}\"},\"query-input\":{\"@type\":\"PropertyValueSpecification\",\"valueRequired\":true,\"valueName\":\"search_term_string\"}}],\"inLanguage\":\"fr-CA\"},{\"@type\":\"Organization\",\"@id\":\"https:\\\/\\\/cssdn.gouv.qc.ca\\\/saintjoseph\\\/#organization\",\"name\":\"\u00c9cole Saint-Joseph\",\"url\":\"https:\\\/\\\/cssdn.gouv.qc.ca\\\/saintjoseph\\\/\",\"logo\":{\"@type\":\"ImageObject\",\"inLanguage\":\"fr-CA\",\"@id\":\"https:\\\/\\\/cssdn.gouv.qc.ca\\\/saintjoseph\\\/#\\\/schema\\\/logo\\\/image\\\/\",\"url\":\"https:\\\/\\\/cssdn.gouv.qc.ca\\\/saintjoseph\\\/wp-content\\\/uploads\\\/sites\\\/59\\\/2023\\\/01\\\/logo_quebec.svg\",\"contentUrl\":\"https:\\\/\\\/cssdn.gouv.qc.ca\\\/saintjoseph\\\/wp-content\\\/uploads\\\/sites\\\/59\\\/2023\\\/01\\\/logo_quebec.svg\",\"width\":188,\"height\":41,\"caption\":\"\u00c9cole Saint-Joseph\"},\"image\":{\"@id\":\"https:\\\/\\\/cssdn.gouv.qc.ca\\\/saintjoseph\\\/#\\\/schema\\\/logo\\\/image\\\/\"},\"sameAs\":[\"https:\\\/\\\/www.facebook.com\\\/cole-Saint-Joseph-1208534525882283\\\/\"]},{\"@type\":\"Person\",\"@id\":\"https:\\\/\\\/cssdn.gouv.qc.ca\\\/saintjoseph\\\/#\\\/schema\\\/person\\\/c33219a6c041a825a50ee8ca8c59df50\",\"name\":\"fortinm60@cssdn.gouv.qc.ca\",\"image\":{\"@type\":\"ImageObject\",\"inLanguage\":\"fr-CA\",\"@id\":\"https:\\\/\\\/cssdn.gouv.qc.ca\\\/saintjoseph\\\/wp-content\\\/wphb-cache\\\/gravatar\\\/2d6\\\/2d6f6effeb5d333ee07a9fb7a982f633x96.jpg\",\"url\":\"https:\\\/\\\/cssdn.gouv.qc.ca\\\/saintjoseph\\\/wp-content\\\/wphb-cache\\\/gravatar\\\/2d6\\\/2d6f6effeb5d333ee07a9fb7a982f633x96.jpg\",\"contentUrl\":\"https:\\\/\\\/cssdn.gouv.qc.ca\\\/saintjoseph\\\/wp-content\\\/wphb-cache\\\/gravatar\\\/2d6\\\/2d6f6effeb5d333ee07a9fb7a982f633x96.jpg\",\"caption\":\"fortinm60@cssdn.gouv.qc.ca\"}}]}<\/script>\n<!-- \/ Yoast SEO plugin. -->","yoast_head_json":{"title":"Visite \u00e9ducative \u00e0 la Ferme Genest pour les \u00e9l\u00e8ves de Saint-Joseph - \u00c9cole Saint-Joseph","robots":{"index":"index","follow":"follow","max-snippet":"max-snippet:-1","max-image-preview":"max-image-preview:large","max-video-preview":"max-video-preview:-1"},"canonical":"https:\/\/cssdn.gouv.qc.ca\/saintjoseph\/2025\/09\/23\/visite-educative-a-la-ferme-genest-pour-les-eleves-de-saint-joseph\/","og_locale":"fr_CA","og_type":"article","og_title":"Visite \u00e9ducative \u00e0 la Ferme Genest pour les \u00e9l\u00e8ves de Saint-Joseph - \u00c9cole Saint-Joseph","og_description":"Les \u00e9l\u00e8ves de l'\u00e9cole Saint-Joseph ont eu la chance d'aller \u00e0 la Ferme Genest lors de la journ\u00e9e p\u00e9dagogique du 19 septembre 2025. Ils ont pu d\u00e9couvrir le verger et rapporter des pommes.","og_url":"https:\/\/cssdn.gouv.qc.ca\/saintjoseph\/2025\/09\/23\/visite-educative-a-la-ferme-genest-pour-les-eleves-de-saint-joseph\/","og_site_name":"\u00c9cole Saint-Joseph","article_publisher":"https:\/\/www.facebook.com\/cole-Saint-Joseph-1208534525882283\/","article_published_time":"2025-09-23T15:28:03+00:00","og_image":[{"width":848,"height":1142,"url":"https:\/\/cssdn.gouv.qc.ca\/saintjoseph\/wp-content\/uploads\/sites\/59\/2025\/09\/pommes-st-joseph-2025-4-6.jpg","type":"image\/jpeg"}],"author":"fortinm60@cssdn.gouv.qc.ca","twitter_card":"summary_large_image","twitter_misc":{"\u00c9crit par":"fortinm60@cssdn.gouv.qc.ca"},"schema":{"@context":"https:\/\/schema.org","@graph":[{"@type":"Article","@id":"https:\/\/cssdn.gouv.qc.ca\/saintjoseph\/2025\/09\/23\/visite-educative-a-la-ferme-genest-pour-les-eleves-de-saint-joseph\/#article","isPartOf":{"@id":"https:\/\/cssdn.gouv.qc.ca\/saintjoseph\/2025\/09\/23\/visite-educative-a-la-ferme-genest-pour-les-eleves-de-saint-joseph\/"},"author":{"name":"fortinm60@cssdn.gouv.qc.ca","@id":"https:\/\/cssdn.gouv.qc.ca\/saintjoseph\/#\/schema\/person\/c33219a6c041a825a50ee8ca8c59df50"},"headline":"Visite \u00e9ducative \u00e0 la Ferme Genest pour les \u00e9l\u00e8ves de Saint-Joseph","datePublished":"2025-09-23T15:28:03+00:00","mainEntityOfPage":{"@id":"https:\/\/cssdn.gouv.qc.ca\/saintjoseph\/2025\/09\/23\/visite-educative-a-la-ferme-genest-pour-les-eleves-de-saint-joseph\/"},"wordCount":81,"publisher":{"@id":"https:\/\/cssdn.gouv.qc.ca\/saintjoseph\/#organization"},"image":{"@id":"https:\/\/cssdn.gouv.qc.ca\/saintjoseph\/2025\/09\/23\/visite-educative-a-la-ferme-genest-pour-les-eleves-de-saint-joseph\/#primaryimage"},"thumbnailUrl":"https:\/\/cssdn.gouv.qc.ca\/saintjoseph\/wp-content\/uploads\/sites\/59\/2025\/09\/pommes-st-joseph-2025-4-6.jpg","articleSection":["Uncategorized"],"inLanguage":"fr-CA"},{"@type":"WebPage","@id":"https:\/\/cssdn.gouv.qc.ca\/saintjoseph\/2025\/09\/23\/visite-educative-a-la-ferme-genest-pour-les-eleves-de-saint-joseph\/","url":"https:\/\/cssdn.gouv.qc.ca\/saintjoseph\/2025\/09\/23\/visite-educative-a-la-ferme-genest-pour-les-eleves-de-saint-joseph\/","name":"Visite \u00e9ducative \u00e0 la Ferme Genest pour les \u00e9l\u00e8ves de Saint-Joseph - \u00c9cole Saint-Joseph","isPartOf":{"@id":"https:\/\/cssdn.gouv.qc.ca\/saintjoseph\/#website"},"primaryImageOfPage":{"@id":"https:\/\/cssdn.gouv.qc.ca\/saintjoseph\/2025\/09\/23\/visite-educative-a-la-ferme-genest-pour-les-eleves-de-saint-joseph\/#primaryimage"},"image":{"@id":"https:\/\/cssdn.gouv.qc.ca\/saintjoseph\/2025\/09\/23\/visite-educative-a-la-ferme-genest-pour-les-eleves-de-saint-joseph\/#primaryimage"},"thumbnailUrl":"https:\/\/cssdn.gouv.qc.ca\/saintjoseph\/wp-content\/uploads\/sites\/59\/2025\/09\/pommes-st-joseph-2025-4-6.jpg","datePublished":"2025-09-23T15:28:03+00:00","breadcrumb":{"@id":"https:\/\/cssdn.gouv.qc.ca\/saintjoseph\/2025\/09\/23\/visite-educative-a-la-ferme-genest-pour-les-eleves-de-saint-joseph\/#breadcrumb"},"inLanguage":"fr-CA","potentialAction":[{"@type":"ReadAction","target":["https:\/\/cssdn.gouv.qc.ca\/saintjoseph\/2025\/09\/23\/visite-educative-a-la-ferme-genest-pour-les-eleves-de-saint-joseph\/"]}]},{"@type":"ImageObject","inLanguage":"fr-CA","@id":"https:\/\/cssdn.gouv.qc.ca\/saintjoseph\/2025\/09\/23\/visite-educative-a-la-ferme-genest-pour-les-eleves-de-saint-joseph\/#primaryimage","url":"https:\/\/cssdn.gouv.qc.ca\/saintjoseph\/wp-content\/uploads\/sites\/59\/2025\/09\/pommes-st-joseph-2025-4-6.jpg","contentUrl":"https:\/\/cssdn.gouv.qc.ca\/saintjoseph\/wp-content\/uploads\/sites\/59\/2025\/09\/pommes-st-joseph-2025-4-6.jpg","width":848,"height":1142},{"@type":"BreadcrumbList","@id":"https:\/\/cssdn.gouv.qc.ca\/saintjoseph\/2025\/09\/23\/visite-educative-a-la-ferme-genest-pour-les-eleves-de-saint-joseph\/#breadcrumb","itemListElement":[{"@type":"ListItem","position":1,"name":"Accueil","item":"https:\/\/cssdn.gouv.qc.ca\/saintjoseph\/"},{"@type":"ListItem","position":2,"name":"Visite \u00e9ducative \u00e0 la Ferme Genest pour les \u00e9l\u00e8ves de Saint-Joseph"}]},{"@type":"WebSite","@id":"https:\/\/cssdn.gouv.qc.ca\/saintjoseph\/#website","url":"https:\/\/cssdn.gouv.qc.ca\/saintjoseph\/","name":"\u00c9cole Saint-Joseph","description":"Un site des centres de services scolaires des Navigateurs","publisher":{"@id":"https:\/\/cssdn.gouv.qc.ca\/saintjoseph\/#organization"},"potentialAction":[{"@type":"SearchAction","target":{"@type":"EntryPoint","urlTemplate":"https:\/\/cssdn.gouv.qc.ca\/saintjoseph\/?s={search_term_string}"},"query-input":{"@type":"PropertyValueSpecification","valueRequired":true,"valueName":"search_term_string"}}],"inLanguage":"fr-CA"},{"@type":"Organization","@id":"https:\/\/cssdn.gouv.qc.ca\/saintjoseph\/#organization","name":"\u00c9cole Saint-Joseph","url":"https:\/\/cssdn.gouv.qc.ca\/saintjoseph\/","logo":{"@type":"ImageObject","inLanguage":"fr-CA","@id":"https:\/\/cssdn.gouv.qc.ca\/saintjoseph\/#\/schema\/logo\/image\/","url":"https:\/\/cssdn.gouv.qc.ca\/saintjoseph\/wp-content\/uploads\/sites\/59\/2023\/01\/logo_quebec.svg","contentUrl":"https:\/\/cssdn.gouv.qc.ca\/saintjoseph\/wp-content\/uploads\/sites\/59\/2023\/01\/logo_quebec.svg","width":188,"height":41,"caption":"\u00c9cole Saint-Joseph"},"image":{"@id":"https:\/\/cssdn.gouv.qc.ca\/saintjoseph\/#\/schema\/logo\/image\/"},"sameAs":["https:\/\/www.facebook.com\/cole-Saint-Joseph-1208534525882283\/"]},{"@type":"Person","@id":"https:\/\/cssdn.gouv.qc.ca\/saintjoseph\/#\/schema\/person\/c33219a6c041a825a50ee8ca8c59df50","name":"fortinm60@cssdn.gouv.qc.ca","image":{"@type":"ImageObject","inLanguage":"fr-CA","@id":"https:\/\/cssdn.gouv.qc.ca\/saintjoseph\/wp-content\/wphb-cache\/gravatar\/2d6\/2d6f6effeb5d333ee07a9fb7a982f633x96.jpg","url":"https:\/\/cssdn.gouv.qc.ca\/saintjoseph\/wp-content\/wphb-cache\/gravatar\/2d6\/2d6f6effeb5d333ee07a9fb7a982f633x96.jpg","contentUrl":"https:\/\/cssdn.gouv.qc.ca\/saintjoseph\/wp-content\/wphb-cache\/gravatar\/2d6\/2d6f6effeb5d333ee07a9fb7a982f633x96.jpg","caption":"fortinm60@cssdn.gouv.qc.ca"}}]}},"publishpress_future_action":{"enabled":false,"date":"2026-05-07 11:48:10","action":"change-status","newStatus":"draft","terms":[],"taxonomy":"category","extraData":[]},"publishpress_future_workflow_manual_trigger":{"enabledWorkflows":[]},"_links":{"self":[{"href":"https:\/\/cssdn.gouv.qc.ca\/saintjoseph\/wp-json\/wp\/v2\/posts\/1280","targetHints":{"allow":["GET"]}}],"collection":[{"href":"https:\/\/cssdn.gouv.qc.ca\/saintjoseph\/wp-json\/wp\/v2\/posts"}],"about":[{"href":"https:\/\/cssdn.gouv.qc.ca\/saintjoseph\/wp-json\/wp\/v2\/types\/post"}],"author":[{"embeddable":true,"href":"https:\/\/cssdn.gouv.qc.ca\/saintjoseph\/wp-json\/wp\/v2\/users\/173"}],"replies":[{"embeddable":true,"href":"https:\/\/cssdn.gouv.qc.ca\/saintjoseph\/wp-json\/wp\/v2\/comments?post=1280"}],"version-history":[{"count":0,"href":"https:\/\/cssdn.gouv.qc.ca\/saintjoseph\/wp-json\/wp\/v2\/posts\/1280\/revisions"}],"wp:featuredmedia":[{"embeddable":true,"href":"https:\/\/cssdn.gouv.qc.ca\/saintjoseph\/wp-json\/wp\/v2\/media\/1281"}],"wp:attachment":[{"href":"https:\/\/cssdn.gouv.qc.ca\/saintjoseph\/wp-json\/wp\/v2\/media?parent=1280"}],"wp:term":[{"taxonomy":"category","embeddable":true,"href":"https:\/\/cssdn.gouv.qc.ca\/saintjoseph\/wp-json\/wp\/v2\/categories?post=1280"},{"taxonomy":"post_tag","embeddable":true,"href":"https:\/\/cssdn.gouv.qc.ca\/saintjoseph\/wp-json\/wp\/v2\/tags?post=1280"}],"curies":[{"name":"wp","href":"https:\/\/api.w.org\/{rel}","templated":true}]}}