
{"id":238,"date":"2024-04-09T09:50:00","date_gmt":"2024-04-09T13:50:00","guid":{"rendered":"https:\/\/cssdn.gouv.qc.ca\/sentiers\/2024\/04\/09\/party-de-leclipse-a-lecole-des-sentiers\/"},"modified":"2024-04-09T09:50:00","modified_gmt":"2024-04-09T13:50:00","slug":"party-de-leclipse-a-lecole-des-sentiers","status":"publish","type":"post","link":"https:\/\/cssdn.gouv.qc.ca\/sentiers\/2024\/04\/09\/party-de-leclipse-a-lecole-des-sentiers\/","title":{"rendered":"\u00ab Party de l&rsquo;\u00e9clipse \u00bb, \u00e0 l&rsquo;\u00c9cole des Sentiers"},"content":{"rendered":"\n\n<div class=\"wp-block-post-date\"><time datetime=\"2024-04-09T09:50:00-04:00\">9 avril 2024<\/time><\/div>\n\n\n<p class=\"wp-block-paragraph\">\u00c0 l&rsquo;\u00c9cole des Sentiers, on se souviendra de ce 8 avril 2024 comme d\u2019un v\u00e9ritable \u00ab party de l\u2019\u00e9clipse \u00bb! Si toute l\u2019\u00e9cole a vibr\u00e9 au m\u00eame diapason, c\u2019est gr\u00e2ce \u00e0 l\u2019engouement et la collaboration de tout le personnel, mais aussi gr\u00e2ce \u00e0 l\u2019enseignante de 3e ann\u00e9e, M\u00e9lanie Br\u00fbl\u00e9, qui avait pr\u00e9par\u00e9 un app\u00e9tissant menu d\u2019activit\u00e9s riches et vari\u00e9es destin\u00e9es \u00e0 expliquer aux 460 \u00e9l\u00e8ves de l\u2019\u00e9cole, tant le ph\u00e9nom\u00e8ne scientifique exceptionnel de l&rsquo;\u00e9clipse que les mesures de s\u00e9curit\u00e9 devant \u00eatre respect\u00e9es.<\/p>\n\n\n\n<p class=\"wp-block-paragraph\">Avec l\u2019aide \u00e0 la classe, Cynthia Boucher, et avec sa coll\u00e8gue V\u00e9ronique Aubin avec qui elle pratique le coenseignement, M\u00e9lanie ainsi que tous les \u00e9l\u00e8ves de la classe de 3e ann\u00e9e ont accueilli la journaliste, Daphn\u00e9e Dion-Viens, du Journal de Qu\u00e9bec pour vivre l\u2019\u00e9clipse en versions avant, pendant et apr\u00e8s. La directrice de l\u2019\u00c9cole des Sentiers, Marie Venable, fi\u00e8re d\u2019\u00eatre une ancienne enseignante de sciences, \u00e9tait ravie tant du comportement des amis de toutes les classes que de la participation dynamique de sa formidable \u00e9quipe!<\/p>\n\n\n\n<p class=\"wp-block-paragraph\"><\/p>\n\n\n<section class=\"act-galerie-slider align act-galerie\">\n    <ul id=\"act-galerie-slider_69f3619a6ecec\">\n            <\/ul>\n<\/section>\n\n","protected":false},"excerpt":{"rendered":"<p>\u00c0 l&rsquo;\u00c9cole des Sentiers, on se souviendra de ce 8 avril 2024 comme d\u2019un v\u00e9ritable \u00ab party de l\u2019\u00e9clipse \u00bb! Si toute l\u2019\u00e9cole a vibr\u00e9 au m\u00eame diapason, c\u2019est gr\u00e2ce \u00e0 l\u2019engouement et la collaboration de tout le personnel.<\/p>\n","protected":false},"author":173,"featured_media":239,"comment_status":"closed","ping_status":"closed","sticky":false,"template":"","format":"standard","meta":{"_acf_changed":false,"_crdt_document":"","inline_featured_image":false,"footnotes":""},"categories":[24],"tags":[],"class_list":["post-238","post","type-post","status-publish","format-standard","has-post-thumbnail","hentry","category-uncategorized"],"acf":[],"yoast_head":"<!-- This site is optimized with the Yoast SEO plugin v27.5 - https:\/\/yoast.com\/product\/yoast-seo-wordpress\/ -->\n<title>\u00ab Party de l&#039;\u00e9clipse \u00bb, \u00e0 l&#039;\u00c9cole des Sentiers - \u00c9cole des Sentiers<\/title>\n<meta name=\"robots\" content=\"index, follow, max-snippet:-1, max-image-preview:large, max-video-preview:-1\" \/>\n<link rel=\"canonical\" href=\"https:\/\/cssdn.gouv.qc.ca\/sentiers\/2024\/04\/09\/party-de-leclipse-a-lecole-des-sentiers\/\" \/>\n<meta property=\"og:locale\" content=\"fr_CA\" \/>\n<meta property=\"og:type\" content=\"article\" \/>\n<meta property=\"og:title\" content=\"\u00ab Party de l&#039;\u00e9clipse \u00bb, \u00e0 l&#039;\u00c9cole des Sentiers - \u00c9cole des Sentiers\" \/>\n<meta property=\"og:description\" content=\"\u00c0 l&#039;\u00c9cole des Sentiers, on se souviendra de ce 8 avril 2024 comme d\u2019un v\u00e9ritable \u00ab party de l\u2019\u00e9clipse \u00bb! Si toute l\u2019\u00e9cole a vibr\u00e9 au m\u00eame diapason, c\u2019est gr\u00e2ce \u00e0 l\u2019engouement et la collaboration de tout le personnel.\" \/>\n<meta property=\"og:url\" content=\"https:\/\/cssdn.gouv.qc.ca\/sentiers\/2024\/04\/09\/party-de-leclipse-a-lecole-des-sentiers\/\" \/>\n<meta property=\"og:site_name\" content=\"\u00c9cole des Sentiers\" \/>\n<meta property=\"article:publisher\" content=\"https:\/\/www.facebook.com\/ecoledessentiers\" \/>\n<meta property=\"article:published_time\" content=\"2024-04-09T13:50:00+00:00\" \/>\n<meta name=\"author\" content=\"fortinm60@cssdn.gouv.qc.ca\" \/>\n<meta name=\"twitter:card\" content=\"summary_large_image\" \/>\n<meta name=\"twitter:label1\" content=\"\u00c9crit par\" \/>\n\t<meta name=\"twitter:data1\" content=\"fortinm60@cssdn.gouv.qc.ca\" \/>\n\t<meta name=\"twitter:label2\" content=\"Estimation du temps de lecture\" \/>\n\t<meta name=\"twitter:data2\" content=\"1 minute\" \/>\n<script type=\"application\/ld+json\" class=\"yoast-schema-graph\">{\"@context\":\"https:\\\/\\\/schema.org\",\"@graph\":[{\"@type\":\"Article\",\"@id\":\"https:\\\/\\\/cssdn.gouv.qc.ca\\\/sentiers\\\/2024\\\/04\\\/09\\\/party-de-leclipse-a-lecole-des-sentiers\\\/#article\",\"isPartOf\":{\"@id\":\"https:\\\/\\\/cssdn.gouv.qc.ca\\\/sentiers\\\/2024\\\/04\\\/09\\\/party-de-leclipse-a-lecole-des-sentiers\\\/\"},\"author\":{\"name\":\"fortinm60@cssdn.gouv.qc.ca\",\"@id\":\"https:\\\/\\\/cssdn.gouv.qc.ca\\\/sentiers\\\/#\\\/schema\\\/person\\\/c33219a6c041a825a50ee8ca8c59df50\"},\"headline\":\"\u00ab Party de l&rsquo;\u00e9clipse \u00bb, \u00e0 l&rsquo;\u00c9cole des Sentiers\",\"datePublished\":\"2024-04-09T13:50:00+00:00\",\"mainEntityOfPage\":{\"@id\":\"https:\\\/\\\/cssdn.gouv.qc.ca\\\/sentiers\\\/2024\\\/04\\\/09\\\/party-de-leclipse-a-lecole-des-sentiers\\\/\"},\"wordCount\":205,\"publisher\":{\"@id\":\"https:\\\/\\\/cssdn.gouv.qc.ca\\\/sentiers\\\/#organization\"},\"image\":{\"@id\":\"https:\\\/\\\/cssdn.gouv.qc.ca\\\/sentiers\\\/2024\\\/04\\\/09\\\/party-de-leclipse-a-lecole-des-sentiers\\\/#primaryimage\"},\"thumbnailUrl\":\"https:\\\/\\\/cssdn.gouv.qc.ca\\\/sentiers\\\/wp-content\\\/uploads\\\/sites\\\/61\\\/2024\\\/04\\\/435068515_807649454730801_4261720620036558072_n.jpg\",\"articleSection\":[\"Uncategorized\"],\"inLanguage\":\"fr-CA\"},{\"@type\":\"WebPage\",\"@id\":\"https:\\\/\\\/cssdn.gouv.qc.ca\\\/sentiers\\\/2024\\\/04\\\/09\\\/party-de-leclipse-a-lecole-des-sentiers\\\/\",\"url\":\"https:\\\/\\\/cssdn.gouv.qc.ca\\\/sentiers\\\/2024\\\/04\\\/09\\\/party-de-leclipse-a-lecole-des-sentiers\\\/\",\"name\":\"\u00ab Party de l'\u00e9clipse \u00bb, \u00e0 l'\u00c9cole des Sentiers - \u00c9cole des Sentiers\",\"isPartOf\":{\"@id\":\"https:\\\/\\\/cssdn.gouv.qc.ca\\\/sentiers\\\/#website\"},\"primaryImageOfPage\":{\"@id\":\"https:\\\/\\\/cssdn.gouv.qc.ca\\\/sentiers\\\/2024\\\/04\\\/09\\\/party-de-leclipse-a-lecole-des-sentiers\\\/#primaryimage\"},\"image\":{\"@id\":\"https:\\\/\\\/cssdn.gouv.qc.ca\\\/sentiers\\\/2024\\\/04\\\/09\\\/party-de-leclipse-a-lecole-des-sentiers\\\/#primaryimage\"},\"thumbnailUrl\":\"https:\\\/\\\/cssdn.gouv.qc.ca\\\/sentiers\\\/wp-content\\\/uploads\\\/sites\\\/61\\\/2024\\\/04\\\/435068515_807649454730801_4261720620036558072_n.jpg\",\"datePublished\":\"2024-04-09T13:50:00+00:00\",\"breadcrumb\":{\"@id\":\"https:\\\/\\\/cssdn.gouv.qc.ca\\\/sentiers\\\/2024\\\/04\\\/09\\\/party-de-leclipse-a-lecole-des-sentiers\\\/#breadcrumb\"},\"inLanguage\":\"fr-CA\",\"potentialAction\":[{\"@type\":\"ReadAction\",\"target\":[\"https:\\\/\\\/cssdn.gouv.qc.ca\\\/sentiers\\\/2024\\\/04\\\/09\\\/party-de-leclipse-a-lecole-des-sentiers\\\/\"]}]},{\"@type\":\"ImageObject\",\"inLanguage\":\"fr-CA\",\"@id\":\"https:\\\/\\\/cssdn.gouv.qc.ca\\\/sentiers\\\/2024\\\/04\\\/09\\\/party-de-leclipse-a-lecole-des-sentiers\\\/#primaryimage\",\"url\":\"https:\\\/\\\/cssdn.gouv.qc.ca\\\/sentiers\\\/wp-content\\\/uploads\\\/sites\\\/61\\\/2024\\\/04\\\/435068515_807649454730801_4261720620036558072_n.jpg\",\"contentUrl\":\"https:\\\/\\\/cssdn.gouv.qc.ca\\\/sentiers\\\/wp-content\\\/uploads\\\/sites\\\/61\\\/2024\\\/04\\\/435068515_807649454730801_4261720620036558072_n.jpg\",\"width\":2048,\"height\":1365},{\"@type\":\"BreadcrumbList\",\"@id\":\"https:\\\/\\\/cssdn.gouv.qc.ca\\\/sentiers\\\/2024\\\/04\\\/09\\\/party-de-leclipse-a-lecole-des-sentiers\\\/#breadcrumb\",\"itemListElement\":[{\"@type\":\"ListItem\",\"position\":1,\"name\":\"Accueil\",\"item\":\"https:\\\/\\\/cssdn.gouv.qc.ca\\\/sentiers\\\/\"},{\"@type\":\"ListItem\",\"position\":2,\"name\":\"\u00ab Party de l&rsquo;\u00e9clipse \u00bb, \u00e0 l&rsquo;\u00c9cole des Sentiers\"}]},{\"@type\":\"WebSite\",\"@id\":\"https:\\\/\\\/cssdn.gouv.qc.ca\\\/sentiers\\\/#website\",\"url\":\"https:\\\/\\\/cssdn.gouv.qc.ca\\\/sentiers\\\/\",\"name\":\"\u00c9cole des Sentiers\",\"description\":\"Un site des centres de services scolaires des Navigateurs\",\"publisher\":{\"@id\":\"https:\\\/\\\/cssdn.gouv.qc.ca\\\/sentiers\\\/#organization\"},\"potentialAction\":[{\"@type\":\"SearchAction\",\"target\":{\"@type\":\"EntryPoint\",\"urlTemplate\":\"https:\\\/\\\/cssdn.gouv.qc.ca\\\/sentiers\\\/?s={search_term_string}\"},\"query-input\":{\"@type\":\"PropertyValueSpecification\",\"valueRequired\":true,\"valueName\":\"search_term_string\"}}],\"inLanguage\":\"fr-CA\"},{\"@type\":\"Organization\",\"@id\":\"https:\\\/\\\/cssdn.gouv.qc.ca\\\/sentiers\\\/#organization\",\"name\":\"\u00c9cole des Sentiers\",\"url\":\"https:\\\/\\\/cssdn.gouv.qc.ca\\\/sentiers\\\/\",\"logo\":{\"@type\":\"ImageObject\",\"inLanguage\":\"fr-CA\",\"@id\":\"https:\\\/\\\/cssdn.gouv.qc.ca\\\/sentiers\\\/#\\\/schema\\\/logo\\\/image\\\/\",\"url\":\"https:\\\/\\\/cssdn.gouv.qc.ca\\\/sentiers\\\/wp-content\\\/uploads\\\/sites\\\/61\\\/2023\\\/01\\\/logo_quebec.svg\",\"contentUrl\":\"https:\\\/\\\/cssdn.gouv.qc.ca\\\/sentiers\\\/wp-content\\\/uploads\\\/sites\\\/61\\\/2023\\\/01\\\/logo_quebec.svg\",\"width\":188,\"height\":41,\"caption\":\"\u00c9cole des Sentiers\"},\"image\":{\"@id\":\"https:\\\/\\\/cssdn.gouv.qc.ca\\\/sentiers\\\/#\\\/schema\\\/logo\\\/image\\\/\"},\"sameAs\":[\"https:\\\/\\\/www.facebook.com\\\/ecoledessentiers\"]},{\"@type\":\"Person\",\"@id\":\"https:\\\/\\\/cssdn.gouv.qc.ca\\\/sentiers\\\/#\\\/schema\\\/person\\\/c33219a6c041a825a50ee8ca8c59df50\",\"name\":\"fortinm60@cssdn.gouv.qc.ca\",\"image\":{\"@type\":\"ImageObject\",\"inLanguage\":\"fr-CA\",\"@id\":\"https:\\\/\\\/cssdn.gouv.qc.ca\\\/sentiers\\\/wp-content\\\/wphb-cache\\\/gravatar\\\/2d6\\\/2d6f6effeb5d333ee07a9fb7a982f633x96.jpg\",\"url\":\"https:\\\/\\\/cssdn.gouv.qc.ca\\\/sentiers\\\/wp-content\\\/wphb-cache\\\/gravatar\\\/2d6\\\/2d6f6effeb5d333ee07a9fb7a982f633x96.jpg\",\"contentUrl\":\"https:\\\/\\\/cssdn.gouv.qc.ca\\\/sentiers\\\/wp-content\\\/wphb-cache\\\/gravatar\\\/2d6\\\/2d6f6effeb5d333ee07a9fb7a982f633x96.jpg\",\"caption\":\"fortinm60@cssdn.gouv.qc.ca\"}}]}<\/script>\n<!-- \/ Yoast SEO plugin. -->","yoast_head_json":{"title":"\u00ab Party de l'\u00e9clipse \u00bb, \u00e0 l'\u00c9cole des Sentiers - \u00c9cole des Sentiers","robots":{"index":"index","follow":"follow","max-snippet":"max-snippet:-1","max-image-preview":"max-image-preview:large","max-video-preview":"max-video-preview:-1"},"canonical":"https:\/\/cssdn.gouv.qc.ca\/sentiers\/2024\/04\/09\/party-de-leclipse-a-lecole-des-sentiers\/","og_locale":"fr_CA","og_type":"article","og_title":"\u00ab Party de l'\u00e9clipse \u00bb, \u00e0 l'\u00c9cole des Sentiers - \u00c9cole des Sentiers","og_description":"\u00c0 l'\u00c9cole des Sentiers, on se souviendra de ce 8 avril 2024 comme d\u2019un v\u00e9ritable \u00ab party de l\u2019\u00e9clipse \u00bb! Si toute l\u2019\u00e9cole a vibr\u00e9 au m\u00eame diapason, c\u2019est gr\u00e2ce \u00e0 l\u2019engouement et la collaboration de tout le personnel.","og_url":"https:\/\/cssdn.gouv.qc.ca\/sentiers\/2024\/04\/09\/party-de-leclipse-a-lecole-des-sentiers\/","og_site_name":"\u00c9cole des Sentiers","article_publisher":"https:\/\/www.facebook.com\/ecoledessentiers","article_published_time":"2024-04-09T13:50:00+00:00","author":"fortinm60@cssdn.gouv.qc.ca","twitter_card":"summary_large_image","twitter_misc":{"\u00c9crit par":"fortinm60@cssdn.gouv.qc.ca","Estimation du temps de lecture":"1 minute"},"schema":{"@context":"https:\/\/schema.org","@graph":[{"@type":"Article","@id":"https:\/\/cssdn.gouv.qc.ca\/sentiers\/2024\/04\/09\/party-de-leclipse-a-lecole-des-sentiers\/#article","isPartOf":{"@id":"https:\/\/cssdn.gouv.qc.ca\/sentiers\/2024\/04\/09\/party-de-leclipse-a-lecole-des-sentiers\/"},"author":{"name":"fortinm60@cssdn.gouv.qc.ca","@id":"https:\/\/cssdn.gouv.qc.ca\/sentiers\/#\/schema\/person\/c33219a6c041a825a50ee8ca8c59df50"},"headline":"\u00ab Party de l&rsquo;\u00e9clipse \u00bb, \u00e0 l&rsquo;\u00c9cole des Sentiers","datePublished":"2024-04-09T13:50:00+00:00","mainEntityOfPage":{"@id":"https:\/\/cssdn.gouv.qc.ca\/sentiers\/2024\/04\/09\/party-de-leclipse-a-lecole-des-sentiers\/"},"wordCount":205,"publisher":{"@id":"https:\/\/cssdn.gouv.qc.ca\/sentiers\/#organization"},"image":{"@id":"https:\/\/cssdn.gouv.qc.ca\/sentiers\/2024\/04\/09\/party-de-leclipse-a-lecole-des-sentiers\/#primaryimage"},"thumbnailUrl":"https:\/\/cssdn.gouv.qc.ca\/sentiers\/wp-content\/uploads\/sites\/61\/2024\/04\/435068515_807649454730801_4261720620036558072_n.jpg","articleSection":["Uncategorized"],"inLanguage":"fr-CA"},{"@type":"WebPage","@id":"https:\/\/cssdn.gouv.qc.ca\/sentiers\/2024\/04\/09\/party-de-leclipse-a-lecole-des-sentiers\/","url":"https:\/\/cssdn.gouv.qc.ca\/sentiers\/2024\/04\/09\/party-de-leclipse-a-lecole-des-sentiers\/","name":"\u00ab Party de l'\u00e9clipse \u00bb, \u00e0 l'\u00c9cole des Sentiers - \u00c9cole des Sentiers","isPartOf":{"@id":"https:\/\/cssdn.gouv.qc.ca\/sentiers\/#website"},"primaryImageOfPage":{"@id":"https:\/\/cssdn.gouv.qc.ca\/sentiers\/2024\/04\/09\/party-de-leclipse-a-lecole-des-sentiers\/#primaryimage"},"image":{"@id":"https:\/\/cssdn.gouv.qc.ca\/sentiers\/2024\/04\/09\/party-de-leclipse-a-lecole-des-sentiers\/#primaryimage"},"thumbnailUrl":"https:\/\/cssdn.gouv.qc.ca\/sentiers\/wp-content\/uploads\/sites\/61\/2024\/04\/435068515_807649454730801_4261720620036558072_n.jpg","datePublished":"2024-04-09T13:50:00+00:00","breadcrumb":{"@id":"https:\/\/cssdn.gouv.qc.ca\/sentiers\/2024\/04\/09\/party-de-leclipse-a-lecole-des-sentiers\/#breadcrumb"},"inLanguage":"fr-CA","potentialAction":[{"@type":"ReadAction","target":["https:\/\/cssdn.gouv.qc.ca\/sentiers\/2024\/04\/09\/party-de-leclipse-a-lecole-des-sentiers\/"]}]},{"@type":"ImageObject","inLanguage":"fr-CA","@id":"https:\/\/cssdn.gouv.qc.ca\/sentiers\/2024\/04\/09\/party-de-leclipse-a-lecole-des-sentiers\/#primaryimage","url":"https:\/\/cssdn.gouv.qc.ca\/sentiers\/wp-content\/uploads\/sites\/61\/2024\/04\/435068515_807649454730801_4261720620036558072_n.jpg","contentUrl":"https:\/\/cssdn.gouv.qc.ca\/sentiers\/wp-content\/uploads\/sites\/61\/2024\/04\/435068515_807649454730801_4261720620036558072_n.jpg","width":2048,"height":1365},{"@type":"BreadcrumbList","@id":"https:\/\/cssdn.gouv.qc.ca\/sentiers\/2024\/04\/09\/party-de-leclipse-a-lecole-des-sentiers\/#breadcrumb","itemListElement":[{"@type":"ListItem","position":1,"name":"Accueil","item":"https:\/\/cssdn.gouv.qc.ca\/sentiers\/"},{"@type":"ListItem","position":2,"name":"\u00ab Party de l&rsquo;\u00e9clipse \u00bb, \u00e0 l&rsquo;\u00c9cole des Sentiers"}]},{"@type":"WebSite","@id":"https:\/\/cssdn.gouv.qc.ca\/sentiers\/#website","url":"https:\/\/cssdn.gouv.qc.ca\/sentiers\/","name":"\u00c9cole des Sentiers","description":"Un site des centres de services scolaires des Navigateurs","publisher":{"@id":"https:\/\/cssdn.gouv.qc.ca\/sentiers\/#organization"},"potentialAction":[{"@type":"SearchAction","target":{"@type":"EntryPoint","urlTemplate":"https:\/\/cssdn.gouv.qc.ca\/sentiers\/?s={search_term_string}"},"query-input":{"@type":"PropertyValueSpecification","valueRequired":true,"valueName":"search_term_string"}}],"inLanguage":"fr-CA"},{"@type":"Organization","@id":"https:\/\/cssdn.gouv.qc.ca\/sentiers\/#organization","name":"\u00c9cole des Sentiers","url":"https:\/\/cssdn.gouv.qc.ca\/sentiers\/","logo":{"@type":"ImageObject","inLanguage":"fr-CA","@id":"https:\/\/cssdn.gouv.qc.ca\/sentiers\/#\/schema\/logo\/image\/","url":"https:\/\/cssdn.gouv.qc.ca\/sentiers\/wp-content\/uploads\/sites\/61\/2023\/01\/logo_quebec.svg","contentUrl":"https:\/\/cssdn.gouv.qc.ca\/sentiers\/wp-content\/uploads\/sites\/61\/2023\/01\/logo_quebec.svg","width":188,"height":41,"caption":"\u00c9cole des Sentiers"},"image":{"@id":"https:\/\/cssdn.gouv.qc.ca\/sentiers\/#\/schema\/logo\/image\/"},"sameAs":["https:\/\/www.facebook.com\/ecoledessentiers"]},{"@type":"Person","@id":"https:\/\/cssdn.gouv.qc.ca\/sentiers\/#\/schema\/person\/c33219a6c041a825a50ee8ca8c59df50","name":"fortinm60@cssdn.gouv.qc.ca","image":{"@type":"ImageObject","inLanguage":"fr-CA","@id":"https:\/\/cssdn.gouv.qc.ca\/sentiers\/wp-content\/wphb-cache\/gravatar\/2d6\/2d6f6effeb5d333ee07a9fb7a982f633x96.jpg","url":"https:\/\/cssdn.gouv.qc.ca\/sentiers\/wp-content\/wphb-cache\/gravatar\/2d6\/2d6f6effeb5d333ee07a9fb7a982f633x96.jpg","contentUrl":"https:\/\/cssdn.gouv.qc.ca\/sentiers\/wp-content\/wphb-cache\/gravatar\/2d6\/2d6f6effeb5d333ee07a9fb7a982f633x96.jpg","caption":"fortinm60@cssdn.gouv.qc.ca"}}]}},"publishpress_future_action":{"enabled":false,"date":"2026-05-07 10:05:14","action":"change-status","newStatus":"draft","terms":[],"taxonomy":"category","extraData":[]},"publishpress_future_workflow_manual_trigger":{"enabledWorkflows":[]},"_links":{"self":[{"href":"https:\/\/cssdn.gouv.qc.ca\/sentiers\/wp-json\/wp\/v2\/posts\/238","targetHints":{"allow":["GET"]}}],"collection":[{"href":"https:\/\/cssdn.gouv.qc.ca\/sentiers\/wp-json\/wp\/v2\/posts"}],"about":[{"href":"https:\/\/cssdn.gouv.qc.ca\/sentiers\/wp-json\/wp\/v2\/types\/post"}],"author":[{"embeddable":true,"href":"https:\/\/cssdn.gouv.qc.ca\/sentiers\/wp-json\/wp\/v2\/users\/173"}],"replies":[{"embeddable":true,"href":"https:\/\/cssdn.gouv.qc.ca\/sentiers\/wp-json\/wp\/v2\/comments?post=238"}],"version-history":[{"count":0,"href":"https:\/\/cssdn.gouv.qc.ca\/sentiers\/wp-json\/wp\/v2\/posts\/238\/revisions"}],"wp:featuredmedia":[{"embeddable":true,"href":"https:\/\/cssdn.gouv.qc.ca\/sentiers\/wp-json\/wp\/v2\/media\/239"}],"wp:attachment":[{"href":"https:\/\/cssdn.gouv.qc.ca\/sentiers\/wp-json\/wp\/v2\/media?parent=238"}],"wp:term":[{"taxonomy":"category","embeddable":true,"href":"https:\/\/cssdn.gouv.qc.ca\/sentiers\/wp-json\/wp\/v2\/categories?post=238"},{"taxonomy":"post_tag","embeddable":true,"href":"https:\/\/cssdn.gouv.qc.ca\/sentiers\/wp-json\/wp\/v2\/tags?post=238"}],"curies":[{"name":"wp","href":"https:\/\/api.w.org\/{rel}","templated":true}]}}