
{"id":384,"date":"2025-08-19T15:49:42","date_gmt":"2025-08-19T19:49:42","guid":{"rendered":"https:\/\/cssdn.gouv.qc.ca\/sentiers\/2025\/08\/19\/ouverture-de-quelques-nouvelles-classes-de-maternelle-4-ans-pour-lannee-scolaire-2025-2026\/"},"modified":"2025-08-20T09:03:00","modified_gmt":"2025-08-20T13:03:00","slug":"ouverture-de-quelques-nouvelles-classes-de-maternelle-4-ans-pour-lannee-scolaire-2025-2026","status":"publish","type":"post","link":"https:\/\/cssdn.gouv.qc.ca\/sentiers\/2025\/08\/19\/ouverture-de-quelques-nouvelles-classes-de-maternelle-4-ans-pour-lannee-scolaire-2025-2026\/","title":{"rendered":"Ouverture de quelques nouvelles classes de maternelle 4 ans pour l&rsquo;ann\u00e9e scolaire 2025-2026"},"content":{"rendered":"\n\n<p class=\"act-lead wp-block-paragraph\">Une nouvelle p\u00e9riode d\u2019admission et d\u2019inscription pour la maternelle 4 ans se d\u00e9roule jusqu&rsquo;au 25 ao\u00fbt 2025, \u00e0 8 h du matin, dans quatre \u00e9coles de notre territoire.<\/p>\n\n\n\n\n<p class=\"wp-block-paragraph\">Cette p\u00e9riode d\u2019inscription est ouverte \u00e0 tous les \u00e9l\u00e8ves ayant 4 ans au 30 septembre et d\u00e9sireux de joindre une classe de maternelle :<\/p>\n\n\n\n<ul class=\"wp-block-list\">\n<li>\u00c0 l&rsquo;<a href=\"https:\/\/cssdn.gouv.qc.ca\/ruche\/\">\u00e9cole du Tournesol (secteur Saint-R\u00e9dempteur)<\/a>;<\/li>\n\n\n\n<li>\u00c0 l&rsquo;<a href=\"https:\/\/cssdn.gouv.qc.ca\/petitscheminots\/\">\u00e9cole de la Passerelle des Petits-Cheminots (secteur Charny)<\/a>;<\/li>\n\n\n\n<li>\u00c0 l&rsquo;<a href=\"https:\/\/odyssee.cssdn.gouv.qc.ca\">\u00e9cole de l\u2019Odyss\u00e9e (secteur Saint-Nicolas)<\/a>;<\/li>\n\n\n\n<li>\u00c0 l&rsquo;<a href=\"http:\/\/sentiers.cssdn.gouv.qc.ca\">\u00e9cole des Sentiers (Saint-Apollinaire)<\/a>.<\/li>\n<\/ul>\n\n\n\n<p class=\"wp-block-paragraph\">Pour les \u00e9l\u00e8ves dont les parents ont d\u00e9j\u00e0 fait l\u2019admission et l\u2019inscription en maternelle 4 ans pour 2025-2026<br>dans une autre \u00e9cole du Centre de services scolaire des Navigateurs, veuillez communiquer directement avec<br>le secr\u00e9tariat de l\u2019\u00e9cole qui vous int\u00e9resse.<\/p>\n\n\n\n<p class=\"wp-block-paragraph\"><br>Pour les \u00e9l\u00e8ves dont les parents n\u2019ont pas fait de d\u00e9marche d\u2019admission et d\u2019inscription en maternelle<br>4 ans pour 2025-2026, ou ont mis leur enfant sur une liste d\u2019attente sans avoir fait d\u2019inscription dans une<br>\u00e9cole, vous pouvez proc\u00e9der en ligne via la plateforme Moza\u00efk Premi\u00e8re inscription. <\/p>\n\n\n\n<div class=\"wp-block-buttons\">\n<div class=\"wp-block-button\"><a class=\"wp-block-button__link wp-element-button\" href=\"http:\/\/inscription.cssdn.gouv.qc.ca\">Admission et inscription dans une \u00e9cole du CSSDN &#8211; Proc\u00e9dures<\/a><\/div>\n<\/div>\n\n\n\n<div class=\"wp-block-buttons\">\n<div class=\"wp-block-button\"><a class=\"wp-block-button__link wp-element-button\" href=\"https:\/\/cssdn.gouv.qc.ca\/parents-et-eleves\/services-educatifs\/maternelle-4-ans\/\">La maternelle 4 ans, temps plein au CSSDN<\/a><\/div>\n<\/div>\n\n\n\n<div class=\"wp-block-buttons\">\n<div class=\"wp-block-button\"><a class=\"wp-block-button__link wp-element-button\" href=\"https:\/\/cssdn.gouv.qc.ca\/wp-content\/uploads\/2025\/08\/Inscription-4-ECOLES-mat-4-ans-25-26.pdf\">Avis public<\/a><\/div>\n<\/div>\n\n\n\n<figure class=\"wp-block-image size-full\"><img decoding=\"async\" data-src=\"https:\/\/cssdn.gouv.qc.ca\/wp-content\/uploads\/2025\/08\/Encart-8-5x11-garderie-inscrip8JV.pdf-4.png\" alt=\"\" class=\"wp-image-18513 lazyload\" src=\"data:image\/svg+xml;base64,PHN2ZyB3aWR0aD0iMSIgaGVpZ2h0PSIxIiB4bWxucz0iaHR0cDovL3d3dy53My5vcmcvMjAwMC9zdmciPjwvc3ZnPg==\" \/><\/figure>\n","protected":false},"excerpt":{"rendered":"<p>Une nouvelle p\u00e9riode d\u2019admission et d\u2019inscription \u00e0 la maternelle 4 ans se d\u00e9roulera jusqu&rsquo;au 25 ao\u00fbt, 8 h, \u00e0 l\u2019\u00e9cole du Tournesol, \u00e0 l\u2019\u00e9cole de la Passerelle des Petits-Cheminots, \u00e0 l\u2019\u00e9cole de l\u2019Odyss\u00e9e et \u00e0 l\u2019\u00e9cole des Sentiers.<\/p>\n","protected":false},"author":173,"featured_media":385,"comment_status":"closed","ping_status":"closed","sticky":false,"template":"","format":"standard","meta":{"_acf_changed":false,"_crdt_document":"","inline_featured_image":false,"footnotes":""},"categories":[24],"tags":[],"class_list":["post-384","post","type-post","status-publish","format-standard","has-post-thumbnail","hentry","category-uncategorized"],"acf":[],"yoast_head":"<!-- This site is optimized with the Yoast SEO plugin v27.5 - https:\/\/yoast.com\/product\/yoast-seo-wordpress\/ -->\n<title>Ouverture de quelques nouvelles classes de maternelle 4 ans pour l&#039;ann\u00e9e scolaire 2025-2026 - \u00c9cole des Sentiers<\/title>\n<meta name=\"robots\" content=\"index, follow, max-snippet:-1, max-image-preview:large, max-video-preview:-1\" \/>\n<link rel=\"canonical\" href=\"https:\/\/cssdn.gouv.qc.ca\/sentiers\/2025\/08\/19\/ouverture-de-quelques-nouvelles-classes-de-maternelle-4-ans-pour-lannee-scolaire-2025-2026\/\" \/>\n<meta property=\"og:locale\" content=\"fr_CA\" \/>\n<meta property=\"og:type\" content=\"article\" \/>\n<meta property=\"og:title\" content=\"Ouverture de quelques nouvelles classes de maternelle 4 ans pour l&#039;ann\u00e9e scolaire 2025-2026 - \u00c9cole des Sentiers\" \/>\n<meta property=\"og:description\" content=\"Une nouvelle p\u00e9riode d\u2019admission et d\u2019inscription \u00e0 la maternelle 4 ans se d\u00e9roulera jusqu&#039;au 25 ao\u00fbt, 8 h, \u00e0 l\u2019\u00e9cole du Tournesol, \u00e0 l\u2019\u00e9cole de la Passerelle des Petits-Cheminots, \u00e0 l\u2019\u00e9cole de l\u2019Odyss\u00e9e et \u00e0 l\u2019\u00e9cole des Sentiers.\" \/>\n<meta property=\"og:url\" content=\"https:\/\/cssdn.gouv.qc.ca\/sentiers\/2025\/08\/19\/ouverture-de-quelques-nouvelles-classes-de-maternelle-4-ans-pour-lannee-scolaire-2025-2026\/\" \/>\n<meta property=\"og:site_name\" content=\"\u00c9cole des Sentiers\" \/>\n<meta property=\"article:publisher\" content=\"https:\/\/www.facebook.com\/ecoledessentiers\" \/>\n<meta property=\"article:published_time\" content=\"2025-08-19T19:49:42+00:00\" \/>\n<meta property=\"article:modified_time\" content=\"2025-08-20T13:03:00+00:00\" \/>\n<meta property=\"og:image\" content=\"https:\/\/cssdn.gouv.qc.ca\/sentiers\/wp-content\/uploads\/sites\/61\/2025\/08\/Encart-8-5x11-garderie-inscrip8JV.pdf-5.png\" \/>\n\t<meta property=\"og:image:width\" content=\"940\" \/>\n\t<meta property=\"og:image:height\" content=\"788\" \/>\n\t<meta property=\"og:image:type\" content=\"image\/png\" \/>\n<meta name=\"author\" content=\"fortinm60@cssdn.gouv.qc.ca\" \/>\n<meta name=\"twitter:card\" content=\"summary_large_image\" \/>\n<meta name=\"twitter:label1\" content=\"\u00c9crit par\" \/>\n\t<meta name=\"twitter:data1\" content=\"fortinm60@cssdn.gouv.qc.ca\" \/>\n\t<meta name=\"twitter:label2\" content=\"Estimation du temps de lecture\" \/>\n\t<meta name=\"twitter:data2\" content=\"2 minutes\" \/>\n<script type=\"application\/ld+json\" class=\"yoast-schema-graph\">{\"@context\":\"https:\\\/\\\/schema.org\",\"@graph\":[{\"@type\":\"Article\",\"@id\":\"https:\\\/\\\/cssdn.gouv.qc.ca\\\/sentiers\\\/2025\\\/08\\\/19\\\/ouverture-de-quelques-nouvelles-classes-de-maternelle-4-ans-pour-lannee-scolaire-2025-2026\\\/#article\",\"isPartOf\":{\"@id\":\"https:\\\/\\\/cssdn.gouv.qc.ca\\\/sentiers\\\/2025\\\/08\\\/19\\\/ouverture-de-quelques-nouvelles-classes-de-maternelle-4-ans-pour-lannee-scolaire-2025-2026\\\/\"},\"author\":{\"name\":\"fortinm60@cssdn.gouv.qc.ca\",\"@id\":\"https:\\\/\\\/cssdn.gouv.qc.ca\\\/sentiers\\\/#\\\/schema\\\/person\\\/c33219a6c041a825a50ee8ca8c59df50\"},\"headline\":\"Ouverture de quelques nouvelles classes de maternelle 4 ans pour l&rsquo;ann\u00e9e scolaire 2025-2026\",\"datePublished\":\"2025-08-19T19:49:42+00:00\",\"dateModified\":\"2025-08-20T13:03:00+00:00\",\"mainEntityOfPage\":{\"@id\":\"https:\\\/\\\/cssdn.gouv.qc.ca\\\/sentiers\\\/2025\\\/08\\\/19\\\/ouverture-de-quelques-nouvelles-classes-de-maternelle-4-ans-pour-lannee-scolaire-2025-2026\\\/\"},\"wordCount\":217,\"publisher\":{\"@id\":\"https:\\\/\\\/cssdn.gouv.qc.ca\\\/sentiers\\\/#organization\"},\"image\":{\"@id\":\"https:\\\/\\\/cssdn.gouv.qc.ca\\\/sentiers\\\/2025\\\/08\\\/19\\\/ouverture-de-quelques-nouvelles-classes-de-maternelle-4-ans-pour-lannee-scolaire-2025-2026\\\/#primaryimage\"},\"thumbnailUrl\":\"https:\\\/\\\/cssdn.gouv.qc.ca\\\/sentiers\\\/wp-content\\\/uploads\\\/sites\\\/61\\\/2025\\\/08\\\/Encart-8-5x11-garderie-inscrip8JV.pdf-5.png\",\"articleSection\":[\"Uncategorized\"],\"inLanguage\":\"fr-CA\"},{\"@type\":\"WebPage\",\"@id\":\"https:\\\/\\\/cssdn.gouv.qc.ca\\\/sentiers\\\/2025\\\/08\\\/19\\\/ouverture-de-quelques-nouvelles-classes-de-maternelle-4-ans-pour-lannee-scolaire-2025-2026\\\/\",\"url\":\"https:\\\/\\\/cssdn.gouv.qc.ca\\\/sentiers\\\/2025\\\/08\\\/19\\\/ouverture-de-quelques-nouvelles-classes-de-maternelle-4-ans-pour-lannee-scolaire-2025-2026\\\/\",\"name\":\"Ouverture de quelques nouvelles classes de maternelle 4 ans pour l'ann\u00e9e scolaire 2025-2026 - \u00c9cole des Sentiers\",\"isPartOf\":{\"@id\":\"https:\\\/\\\/cssdn.gouv.qc.ca\\\/sentiers\\\/#website\"},\"primaryImageOfPage\":{\"@id\":\"https:\\\/\\\/cssdn.gouv.qc.ca\\\/sentiers\\\/2025\\\/08\\\/19\\\/ouverture-de-quelques-nouvelles-classes-de-maternelle-4-ans-pour-lannee-scolaire-2025-2026\\\/#primaryimage\"},\"image\":{\"@id\":\"https:\\\/\\\/cssdn.gouv.qc.ca\\\/sentiers\\\/2025\\\/08\\\/19\\\/ouverture-de-quelques-nouvelles-classes-de-maternelle-4-ans-pour-lannee-scolaire-2025-2026\\\/#primaryimage\"},\"thumbnailUrl\":\"https:\\\/\\\/cssdn.gouv.qc.ca\\\/sentiers\\\/wp-content\\\/uploads\\\/sites\\\/61\\\/2025\\\/08\\\/Encart-8-5x11-garderie-inscrip8JV.pdf-5.png\",\"datePublished\":\"2025-08-19T19:49:42+00:00\",\"dateModified\":\"2025-08-20T13:03:00+00:00\",\"breadcrumb\":{\"@id\":\"https:\\\/\\\/cssdn.gouv.qc.ca\\\/sentiers\\\/2025\\\/08\\\/19\\\/ouverture-de-quelques-nouvelles-classes-de-maternelle-4-ans-pour-lannee-scolaire-2025-2026\\\/#breadcrumb\"},\"inLanguage\":\"fr-CA\",\"potentialAction\":[{\"@type\":\"ReadAction\",\"target\":[\"https:\\\/\\\/cssdn.gouv.qc.ca\\\/sentiers\\\/2025\\\/08\\\/19\\\/ouverture-de-quelques-nouvelles-classes-de-maternelle-4-ans-pour-lannee-scolaire-2025-2026\\\/\"]}]},{\"@type\":\"ImageObject\",\"inLanguage\":\"fr-CA\",\"@id\":\"https:\\\/\\\/cssdn.gouv.qc.ca\\\/sentiers\\\/2025\\\/08\\\/19\\\/ouverture-de-quelques-nouvelles-classes-de-maternelle-4-ans-pour-lannee-scolaire-2025-2026\\\/#primaryimage\",\"url\":\"https:\\\/\\\/cssdn.gouv.qc.ca\\\/sentiers\\\/wp-content\\\/uploads\\\/sites\\\/61\\\/2025\\\/08\\\/Encart-8-5x11-garderie-inscrip8JV.pdf-5.png\",\"contentUrl\":\"https:\\\/\\\/cssdn.gouv.qc.ca\\\/sentiers\\\/wp-content\\\/uploads\\\/sites\\\/61\\\/2025\\\/08\\\/Encart-8-5x11-garderie-inscrip8JV.pdf-5.png\",\"width\":940,\"height\":788},{\"@type\":\"BreadcrumbList\",\"@id\":\"https:\\\/\\\/cssdn.gouv.qc.ca\\\/sentiers\\\/2025\\\/08\\\/19\\\/ouverture-de-quelques-nouvelles-classes-de-maternelle-4-ans-pour-lannee-scolaire-2025-2026\\\/#breadcrumb\",\"itemListElement\":[{\"@type\":\"ListItem\",\"position\":1,\"name\":\"Accueil\",\"item\":\"https:\\\/\\\/cssdn.gouv.qc.ca\\\/sentiers\\\/\"},{\"@type\":\"ListItem\",\"position\":2,\"name\":\"Ouverture de quelques nouvelles classes de maternelle 4 ans pour l&#8217;ann\u00e9e scolaire 2025-2026\"}]},{\"@type\":\"WebSite\",\"@id\":\"https:\\\/\\\/cssdn.gouv.qc.ca\\\/sentiers\\\/#website\",\"url\":\"https:\\\/\\\/cssdn.gouv.qc.ca\\\/sentiers\\\/\",\"name\":\"\u00c9cole des Sentiers\",\"description\":\"Un site des centres de services scolaires des Navigateurs\",\"publisher\":{\"@id\":\"https:\\\/\\\/cssdn.gouv.qc.ca\\\/sentiers\\\/#organization\"},\"potentialAction\":[{\"@type\":\"SearchAction\",\"target\":{\"@type\":\"EntryPoint\",\"urlTemplate\":\"https:\\\/\\\/cssdn.gouv.qc.ca\\\/sentiers\\\/?s={search_term_string}\"},\"query-input\":{\"@type\":\"PropertyValueSpecification\",\"valueRequired\":true,\"valueName\":\"search_term_string\"}}],\"inLanguage\":\"fr-CA\"},{\"@type\":\"Organization\",\"@id\":\"https:\\\/\\\/cssdn.gouv.qc.ca\\\/sentiers\\\/#organization\",\"name\":\"\u00c9cole des Sentiers\",\"url\":\"https:\\\/\\\/cssdn.gouv.qc.ca\\\/sentiers\\\/\",\"logo\":{\"@type\":\"ImageObject\",\"inLanguage\":\"fr-CA\",\"@id\":\"https:\\\/\\\/cssdn.gouv.qc.ca\\\/sentiers\\\/#\\\/schema\\\/logo\\\/image\\\/\",\"url\":\"https:\\\/\\\/cssdn.gouv.qc.ca\\\/sentiers\\\/wp-content\\\/uploads\\\/sites\\\/61\\\/2023\\\/01\\\/logo_quebec.svg\",\"contentUrl\":\"https:\\\/\\\/cssdn.gouv.qc.ca\\\/sentiers\\\/wp-content\\\/uploads\\\/sites\\\/61\\\/2023\\\/01\\\/logo_quebec.svg\",\"width\":188,\"height\":41,\"caption\":\"\u00c9cole des Sentiers\"},\"image\":{\"@id\":\"https:\\\/\\\/cssdn.gouv.qc.ca\\\/sentiers\\\/#\\\/schema\\\/logo\\\/image\\\/\"},\"sameAs\":[\"https:\\\/\\\/www.facebook.com\\\/ecoledessentiers\"]},{\"@type\":\"Person\",\"@id\":\"https:\\\/\\\/cssdn.gouv.qc.ca\\\/sentiers\\\/#\\\/schema\\\/person\\\/c33219a6c041a825a50ee8ca8c59df50\",\"name\":\"fortinm60@cssdn.gouv.qc.ca\",\"image\":{\"@type\":\"ImageObject\",\"inLanguage\":\"fr-CA\",\"@id\":\"https:\\\/\\\/cssdn.gouv.qc.ca\\\/sentiers\\\/wp-content\\\/wphb-cache\\\/gravatar\\\/2d6\\\/2d6f6effeb5d333ee07a9fb7a982f633x96.jpg\",\"url\":\"https:\\\/\\\/cssdn.gouv.qc.ca\\\/sentiers\\\/wp-content\\\/wphb-cache\\\/gravatar\\\/2d6\\\/2d6f6effeb5d333ee07a9fb7a982f633x96.jpg\",\"contentUrl\":\"https:\\\/\\\/cssdn.gouv.qc.ca\\\/sentiers\\\/wp-content\\\/wphb-cache\\\/gravatar\\\/2d6\\\/2d6f6effeb5d333ee07a9fb7a982f633x96.jpg\",\"caption\":\"fortinm60@cssdn.gouv.qc.ca\"}}]}<\/script>\n<!-- \/ Yoast SEO plugin. -->","yoast_head_json":{"title":"Ouverture de quelques nouvelles classes de maternelle 4 ans pour l'ann\u00e9e scolaire 2025-2026 - \u00c9cole des Sentiers","robots":{"index":"index","follow":"follow","max-snippet":"max-snippet:-1","max-image-preview":"max-image-preview:large","max-video-preview":"max-video-preview:-1"},"canonical":"https:\/\/cssdn.gouv.qc.ca\/sentiers\/2025\/08\/19\/ouverture-de-quelques-nouvelles-classes-de-maternelle-4-ans-pour-lannee-scolaire-2025-2026\/","og_locale":"fr_CA","og_type":"article","og_title":"Ouverture de quelques nouvelles classes de maternelle 4 ans pour l'ann\u00e9e scolaire 2025-2026 - \u00c9cole des Sentiers","og_description":"Une nouvelle p\u00e9riode d\u2019admission et d\u2019inscription \u00e0 la maternelle 4 ans se d\u00e9roulera jusqu'au 25 ao\u00fbt, 8 h, \u00e0 l\u2019\u00e9cole du Tournesol, \u00e0 l\u2019\u00e9cole de la Passerelle des Petits-Cheminots, \u00e0 l\u2019\u00e9cole de l\u2019Odyss\u00e9e et \u00e0 l\u2019\u00e9cole des Sentiers.","og_url":"https:\/\/cssdn.gouv.qc.ca\/sentiers\/2025\/08\/19\/ouverture-de-quelques-nouvelles-classes-de-maternelle-4-ans-pour-lannee-scolaire-2025-2026\/","og_site_name":"\u00c9cole des Sentiers","article_publisher":"https:\/\/www.facebook.com\/ecoledessentiers","article_published_time":"2025-08-19T19:49:42+00:00","article_modified_time":"2025-08-20T13:03:00+00:00","og_image":[{"width":940,"height":788,"url":"https:\/\/cssdn.gouv.qc.ca\/sentiers\/wp-content\/uploads\/sites\/61\/2025\/08\/Encart-8-5x11-garderie-inscrip8JV.pdf-5.png","type":"image\/png"}],"author":"fortinm60@cssdn.gouv.qc.ca","twitter_card":"summary_large_image","twitter_misc":{"\u00c9crit par":"fortinm60@cssdn.gouv.qc.ca","Estimation du temps de lecture":"2 minutes"},"schema":{"@context":"https:\/\/schema.org","@graph":[{"@type":"Article","@id":"https:\/\/cssdn.gouv.qc.ca\/sentiers\/2025\/08\/19\/ouverture-de-quelques-nouvelles-classes-de-maternelle-4-ans-pour-lannee-scolaire-2025-2026\/#article","isPartOf":{"@id":"https:\/\/cssdn.gouv.qc.ca\/sentiers\/2025\/08\/19\/ouverture-de-quelques-nouvelles-classes-de-maternelle-4-ans-pour-lannee-scolaire-2025-2026\/"},"author":{"name":"fortinm60@cssdn.gouv.qc.ca","@id":"https:\/\/cssdn.gouv.qc.ca\/sentiers\/#\/schema\/person\/c33219a6c041a825a50ee8ca8c59df50"},"headline":"Ouverture de quelques nouvelles classes de maternelle 4 ans pour l&rsquo;ann\u00e9e scolaire 2025-2026","datePublished":"2025-08-19T19:49:42+00:00","dateModified":"2025-08-20T13:03:00+00:00","mainEntityOfPage":{"@id":"https:\/\/cssdn.gouv.qc.ca\/sentiers\/2025\/08\/19\/ouverture-de-quelques-nouvelles-classes-de-maternelle-4-ans-pour-lannee-scolaire-2025-2026\/"},"wordCount":217,"publisher":{"@id":"https:\/\/cssdn.gouv.qc.ca\/sentiers\/#organization"},"image":{"@id":"https:\/\/cssdn.gouv.qc.ca\/sentiers\/2025\/08\/19\/ouverture-de-quelques-nouvelles-classes-de-maternelle-4-ans-pour-lannee-scolaire-2025-2026\/#primaryimage"},"thumbnailUrl":"https:\/\/cssdn.gouv.qc.ca\/sentiers\/wp-content\/uploads\/sites\/61\/2025\/08\/Encart-8-5x11-garderie-inscrip8JV.pdf-5.png","articleSection":["Uncategorized"],"inLanguage":"fr-CA"},{"@type":"WebPage","@id":"https:\/\/cssdn.gouv.qc.ca\/sentiers\/2025\/08\/19\/ouverture-de-quelques-nouvelles-classes-de-maternelle-4-ans-pour-lannee-scolaire-2025-2026\/","url":"https:\/\/cssdn.gouv.qc.ca\/sentiers\/2025\/08\/19\/ouverture-de-quelques-nouvelles-classes-de-maternelle-4-ans-pour-lannee-scolaire-2025-2026\/","name":"Ouverture de quelques nouvelles classes de maternelle 4 ans pour l'ann\u00e9e scolaire 2025-2026 - \u00c9cole des Sentiers","isPartOf":{"@id":"https:\/\/cssdn.gouv.qc.ca\/sentiers\/#website"},"primaryImageOfPage":{"@id":"https:\/\/cssdn.gouv.qc.ca\/sentiers\/2025\/08\/19\/ouverture-de-quelques-nouvelles-classes-de-maternelle-4-ans-pour-lannee-scolaire-2025-2026\/#primaryimage"},"image":{"@id":"https:\/\/cssdn.gouv.qc.ca\/sentiers\/2025\/08\/19\/ouverture-de-quelques-nouvelles-classes-de-maternelle-4-ans-pour-lannee-scolaire-2025-2026\/#primaryimage"},"thumbnailUrl":"https:\/\/cssdn.gouv.qc.ca\/sentiers\/wp-content\/uploads\/sites\/61\/2025\/08\/Encart-8-5x11-garderie-inscrip8JV.pdf-5.png","datePublished":"2025-08-19T19:49:42+00:00","dateModified":"2025-08-20T13:03:00+00:00","breadcrumb":{"@id":"https:\/\/cssdn.gouv.qc.ca\/sentiers\/2025\/08\/19\/ouverture-de-quelques-nouvelles-classes-de-maternelle-4-ans-pour-lannee-scolaire-2025-2026\/#breadcrumb"},"inLanguage":"fr-CA","potentialAction":[{"@type":"ReadAction","target":["https:\/\/cssdn.gouv.qc.ca\/sentiers\/2025\/08\/19\/ouverture-de-quelques-nouvelles-classes-de-maternelle-4-ans-pour-lannee-scolaire-2025-2026\/"]}]},{"@type":"ImageObject","inLanguage":"fr-CA","@id":"https:\/\/cssdn.gouv.qc.ca\/sentiers\/2025\/08\/19\/ouverture-de-quelques-nouvelles-classes-de-maternelle-4-ans-pour-lannee-scolaire-2025-2026\/#primaryimage","url":"https:\/\/cssdn.gouv.qc.ca\/sentiers\/wp-content\/uploads\/sites\/61\/2025\/08\/Encart-8-5x11-garderie-inscrip8JV.pdf-5.png","contentUrl":"https:\/\/cssdn.gouv.qc.ca\/sentiers\/wp-content\/uploads\/sites\/61\/2025\/08\/Encart-8-5x11-garderie-inscrip8JV.pdf-5.png","width":940,"height":788},{"@type":"BreadcrumbList","@id":"https:\/\/cssdn.gouv.qc.ca\/sentiers\/2025\/08\/19\/ouverture-de-quelques-nouvelles-classes-de-maternelle-4-ans-pour-lannee-scolaire-2025-2026\/#breadcrumb","itemListElement":[{"@type":"ListItem","position":1,"name":"Accueil","item":"https:\/\/cssdn.gouv.qc.ca\/sentiers\/"},{"@type":"ListItem","position":2,"name":"Ouverture de quelques nouvelles classes de maternelle 4 ans pour l&#8217;ann\u00e9e scolaire 2025-2026"}]},{"@type":"WebSite","@id":"https:\/\/cssdn.gouv.qc.ca\/sentiers\/#website","url":"https:\/\/cssdn.gouv.qc.ca\/sentiers\/","name":"\u00c9cole des Sentiers","description":"Un site des centres de services scolaires des Navigateurs","publisher":{"@id":"https:\/\/cssdn.gouv.qc.ca\/sentiers\/#organization"},"potentialAction":[{"@type":"SearchAction","target":{"@type":"EntryPoint","urlTemplate":"https:\/\/cssdn.gouv.qc.ca\/sentiers\/?s={search_term_string}"},"query-input":{"@type":"PropertyValueSpecification","valueRequired":true,"valueName":"search_term_string"}}],"inLanguage":"fr-CA"},{"@type":"Organization","@id":"https:\/\/cssdn.gouv.qc.ca\/sentiers\/#organization","name":"\u00c9cole des Sentiers","url":"https:\/\/cssdn.gouv.qc.ca\/sentiers\/","logo":{"@type":"ImageObject","inLanguage":"fr-CA","@id":"https:\/\/cssdn.gouv.qc.ca\/sentiers\/#\/schema\/logo\/image\/","url":"https:\/\/cssdn.gouv.qc.ca\/sentiers\/wp-content\/uploads\/sites\/61\/2023\/01\/logo_quebec.svg","contentUrl":"https:\/\/cssdn.gouv.qc.ca\/sentiers\/wp-content\/uploads\/sites\/61\/2023\/01\/logo_quebec.svg","width":188,"height":41,"caption":"\u00c9cole des Sentiers"},"image":{"@id":"https:\/\/cssdn.gouv.qc.ca\/sentiers\/#\/schema\/logo\/image\/"},"sameAs":["https:\/\/www.facebook.com\/ecoledessentiers"]},{"@type":"Person","@id":"https:\/\/cssdn.gouv.qc.ca\/sentiers\/#\/schema\/person\/c33219a6c041a825a50ee8ca8c59df50","name":"fortinm60@cssdn.gouv.qc.ca","image":{"@type":"ImageObject","inLanguage":"fr-CA","@id":"https:\/\/cssdn.gouv.qc.ca\/sentiers\/wp-content\/wphb-cache\/gravatar\/2d6\/2d6f6effeb5d333ee07a9fb7a982f633x96.jpg","url":"https:\/\/cssdn.gouv.qc.ca\/sentiers\/wp-content\/wphb-cache\/gravatar\/2d6\/2d6f6effeb5d333ee07a9fb7a982f633x96.jpg","contentUrl":"https:\/\/cssdn.gouv.qc.ca\/sentiers\/wp-content\/wphb-cache\/gravatar\/2d6\/2d6f6effeb5d333ee07a9fb7a982f633x96.jpg","caption":"fortinm60@cssdn.gouv.qc.ca"}}]}},"publishpress_future_action":{"enabled":false,"date":"2026-05-08 11:29:11","action":"change-status","newStatus":"draft","terms":[],"taxonomy":"category","extraData":[]},"publishpress_future_workflow_manual_trigger":{"enabledWorkflows":[]},"_links":{"self":[{"href":"https:\/\/cssdn.gouv.qc.ca\/sentiers\/wp-json\/wp\/v2\/posts\/384","targetHints":{"allow":["GET"]}}],"collection":[{"href":"https:\/\/cssdn.gouv.qc.ca\/sentiers\/wp-json\/wp\/v2\/posts"}],"about":[{"href":"https:\/\/cssdn.gouv.qc.ca\/sentiers\/wp-json\/wp\/v2\/types\/post"}],"author":[{"embeddable":true,"href":"https:\/\/cssdn.gouv.qc.ca\/sentiers\/wp-json\/wp\/v2\/users\/173"}],"replies":[{"embeddable":true,"href":"https:\/\/cssdn.gouv.qc.ca\/sentiers\/wp-json\/wp\/v2\/comments?post=384"}],"version-history":[{"count":0,"href":"https:\/\/cssdn.gouv.qc.ca\/sentiers\/wp-json\/wp\/v2\/posts\/384\/revisions"}],"wp:featuredmedia":[{"embeddable":true,"href":"https:\/\/cssdn.gouv.qc.ca\/sentiers\/wp-json\/wp\/v2\/media\/385"}],"wp:attachment":[{"href":"https:\/\/cssdn.gouv.qc.ca\/sentiers\/wp-json\/wp\/v2\/media?parent=384"}],"wp:term":[{"taxonomy":"category","embeddable":true,"href":"https:\/\/cssdn.gouv.qc.ca\/sentiers\/wp-json\/wp\/v2\/categories?post=384"},{"taxonomy":"post_tag","embeddable":true,"href":"https:\/\/cssdn.gouv.qc.ca\/sentiers\/wp-json\/wp\/v2\/tags?post=384"}],"curies":[{"name":"wp","href":"https:\/\/api.w.org\/{rel}","templated":true}]}}